{"id":847,"date":"2023-04-05T13:59:45","date_gmt":"2023-04-05T10:59:45","guid":{"rendered":"https:\/\/www.vesi.fi\/vesikirje\/?p=847"},"modified":"2023-04-05T13:59:45","modified_gmt":"2023-04-05T10:59:45","slug":"tapahtumia-kevaalla-2023","status":"publish","type":"post","link":"https:\/\/www.vesi.fi\/vesikirje\/tapahtumia-kevaalla-2023\/","title":{"rendered":"Tapahtumia kev\u00e4\u00e4ll\u00e4 2023"},"content":{"rendered":"<p><a href=\"https:\/\/vesistosaatio.fi\/suojele-ja-kunnosta-pienvesia-webinaarisarja\/\">Pienvesien suojelu ja kunnostus talousmetsiss\u00e4 (webinaari 5) 12.4.2023<\/a><\/p>\n<p><a href=\"https:\/\/www.proagria.fi\/tapahtumat\/mita-kuuluu-kuoringalle\">Mit\u00e4 kuuluu Kuoringalle? Asiaa valuma-alueesta, koekalastuksesta ja kunnostuksista 12.4.2023<\/a><\/p>\n<p><a href=\"https:\/\/events.teams.microsoft.com\/event\/a3815462-c94c-417e-b290-d645e8e4d667@d95951a6-dfd3-4a74-9abb-f2b2cb89d671\">Veeti-koulutus &#8211; Vesihuoltotietojen tallentaminen j\u00e4rjestelm\u00e4\u00e4n 14.4.2023<\/a><\/p>\n<p><a href=\"https:\/\/syke.etapahtuma.fi\/Hallinta\/Ulkoinen-koulutuskalenteri\/Lis%C3%A4tietoja\/id\/4258\">Oulujoen vesist\u00f6alueen vesist\u00f6visio (ARVOVESI) hankkeen p\u00e4\u00e4t\u00f6sseminaari Oulussa 19.4.2023<\/a><\/p>\n<p><a href=\"https:\/\/www.vesi.fi\/teemasivu\/vesistokunnostajien-aamukahvit\/\">Vesist\u00f6kunnostajien aamukahvit: Hoitokalastuksen tulevaisuusn\u00e4kym\u00e4t vesist\u00f6kunnostuksessa 28.4.2023<\/a><\/p>\n<p><a href=\"https:\/\/onlineexpo.com\/en\/shallowlakes23\/\">11th International Shallow Lakes Conference Estonia 11-16 June 2023<\/a><\/p>\n<p><a href=\"https:\/\/www.vesi.fi\/teemasivu\/vesistokunnostusverkoston-vuosiseminaarit\/\">Vesist\u00f6kunnostusverkoston vuosiseminaari 13.-15.6. Jyv\u00e4skyl\u00e4ss\u00e4<\/a><\/p>\n<p>Lis\u00e4\u00e4 tapahtumia <a href=\"https:\/\/www.vesi.fi\/vesistokunnostus-uutiskirje\/\">vesist\u00f6kunnostusverkoston uutiskirjeest\u00e4<\/a><\/p>\n<p>Oletko tutustunut vesi.fi:n uuteen <a href=\"https:\/\/www.vesi.fi\/tapahtumakalenteri\/\">tapahtumakalenteriin<\/a>? Ilmoita siihen <a href=\"https:\/\/www.vesi.fi\/tapahtumalomake\/\">oma vesiaiheinen tapahtumasi<\/a>!<\/p>\n","protected":false},"excerpt":{"rendered":"<p>Vesialan tapahtumia syksyll\u00e4 2022<\/p>\n","protected":false},"author":5,"featured_media":0,"comment_status":"closed","ping_status":"open","sticky":false,"template":"","format":"standard","meta":{"_acf_changed":false,"footnotes":""},"categories":[10],"tags":[],"class_list":["post-847","post","type-post","status-publish","format-standard","hentry","category-vesikirje-huhtikuu-2023"],"acf":[],"aioseo_notices":[],"_links":{"self":[{"href":"https:\/\/www.vesi.fi\/vesikirje\/wp-json\/wp\/v2\/posts\/847","targetHints":{"allow":["GET"]}}],"collection":[{"href":"https:\/\/www.vesi.fi\/vesikirje\/wp-json\/wp\/v2\/posts"}],"about":[{"href":"https:\/\/www.vesi.fi\/vesikirje\/wp-json\/wp\/v2\/types\/post"}],"author":[{"embeddable":true,"href":"https:\/\/www.vesi.fi\/vesikirje\/wp-json\/wp\/v2\/users\/5"}],"replies":[{"embeddable":true,"href":"https:\/\/www.vesi.fi\/vesikirje\/wp-json\/wp\/v2\/comments?post=847"}],"version-history":[{"count":2,"href":"https:\/\/www.vesi.fi\/vesikirje\/wp-json\/wp\/v2\/posts\/847\/revisions"}],"predecessor-version":[{"id":850,"href":"https:\/\/www.vesi.fi\/vesikirje\/wp-json\/wp\/v2\/posts\/847\/revisions\/850"}],"wp:attachment":[{"href":"https:\/\/www.vesi.fi\/vesikirje\/wp-json\/wp\/v2\/media?parent=847"}],"wp:term":[{"taxonomy":"category","embeddable":true,"href":"https:\/\/www.vesi.fi\/vesikirje\/wp-json\/wp\/v2\/categories?post=847"},{"taxonomy":"post_tag","embeddable":true,"href":"https:\/\/www.vesi.fi\/vesikirje\/wp-json\/wp\/v2\/tags?post=847"}],"curies":[{"name":"wp","href":"https:\/\/api.w.org\/{rel}","templated":true}]}}