{"id":689,"date":"2022-10-13T10:41:09","date_gmt":"2022-10-13T07:41:09","guid":{"rendered":"https:\/\/www.vesi.fi\/vesikirje\/?p=689"},"modified":"2022-10-13T13:19:11","modified_gmt":"2022-10-13T10:19:11","slug":"tapahtumia-syksylla-2022-2","status":"publish","type":"post","link":"https:\/\/www.vesi.fi\/vesikirje\/tapahtumia-syksylla-2022-2\/","title":{"rendered":"Tapahtumia syksyll\u00e4 2022"},"content":{"rendered":"<ul>\n<li><a href=\"https:\/\/www.syke.fi\/fi-FI\/Ajankohtaista\/Tapahtumat\/Vantaanjokipaiva_2022__Tiede__Uudet_tekn(63740)\">Vantaanjokip\u00e4iv\u00e4 28.10.<\/a> (Vantaanjoen ja Helsingin seudun vesiensuojeluyhdistys ry, SYKE &amp; Turun yliopisto \/ Freshwater Competence Centre)<\/li>\n<li><a href=\"https:\/\/syke.etapahtuma.fi\/Hallinta\/Ulkoinen-koulutuskalenteri\/Lis%C3%A4tietoja\/id\/4054\">Tulva-, pato-, vesienhoito- ja kunnostusp\u00e4iv\u00e4t Oulussa 1.-2.11.<\/a> (Kainuun ELY-keskus, SYKE ja Suurpadot ry)<\/li>\n<li><a href=\"https:\/\/syke.etapahtuma.fi\/Hallinta\/Ulkoinen-koulutuskalenteri\/Lis%C3%A4tietoja\/id\/4082\">Passiiviker\u00e4imet haitta-aineseurannassa &#8211; k\u00e4yt\u00e4nn\u00f6n ohjeistusta 9.11.<\/a> (SYKE, et\u00e4seminaari)<\/li>\n<li><a href=\"https:\/\/ym.fi\/tapahtumat\/2022-11-09\/ennallistamisen-ja-luonnonhoidon-neuvottelupaiva\">Ennallistamisen ja luonnonhoidon neuvottelup\u00e4iv\u00e4 9.11. Helsingiss\u00e4<\/a> (ymp\u00e4rist\u00f6ministeri\u00f6)<\/li>\n<li><a href=\"https:\/\/ym.fi\/tapahtumat\/2022-11-09\/ymparisto-ja-vesilupapaivat\">Ymp\u00e4rist\u00f6- ja vesilupap\u00e4iv\u00e4t 9.-10.11. Oulussa<\/a> (Pohjois-Suomen AVI)<\/li>\n<li>Kansallinen mallinnusseminaari 28.11. Otaniemi, Espoo. \u201dHydrologian ja vesist\u00f6jen mallit ja digitaaliset aineistot\u201d. Save the date. Lis\u00e4tietoja tulossa (Vesiyhdistys)<\/li>\n<\/ul>\n","protected":false},"excerpt":{"rendered":"<p>Vesialan tapahtumia syksyll\u00e4 2022<\/p>\n","protected":false},"author":5,"featured_media":0,"comment_status":"closed","ping_status":"open","sticky":false,"template":"","format":"standard","meta":{"_acf_changed":false,"footnotes":""},"categories":[8],"tags":[],"class_list":["post-689","post","type-post","status-publish","format-standard","hentry","category-vesikirje-lokakuu-2022"],"acf":[],"aioseo_notices":[],"_links":{"self":[{"href":"https:\/\/www.vesi.fi\/vesikirje\/wp-json\/wp\/v2\/posts\/689","targetHints":{"allow":["GET"]}}],"collection":[{"href":"https:\/\/www.vesi.fi\/vesikirje\/wp-json\/wp\/v2\/posts"}],"about":[{"href":"https:\/\/www.vesi.fi\/vesikirje\/wp-json\/wp\/v2\/types\/post"}],"author":[{"embeddable":true,"href":"https:\/\/www.vesi.fi\/vesikirje\/wp-json\/wp\/v2\/users\/5"}],"replies":[{"embeddable":true,"href":"https:\/\/www.vesi.fi\/vesikirje\/wp-json\/wp\/v2\/comments?post=689"}],"version-history":[{"count":5,"href":"https:\/\/www.vesi.fi\/vesikirje\/wp-json\/wp\/v2\/posts\/689\/revisions"}],"predecessor-version":[{"id":721,"href":"https:\/\/www.vesi.fi\/vesikirje\/wp-json\/wp\/v2\/posts\/689\/revisions\/721"}],"wp:attachment":[{"href":"https:\/\/www.vesi.fi\/vesikirje\/wp-json\/wp\/v2\/media?parent=689"}],"wp:term":[{"taxonomy":"category","embeddable":true,"href":"https:\/\/www.vesi.fi\/vesikirje\/wp-json\/wp\/v2\/categories?post=689"},{"taxonomy":"post_tag","embeddable":true,"href":"https:\/\/www.vesi.fi\/vesikirje\/wp-json\/wp\/v2\/tags?post=689"}],"curies":[{"name":"wp","href":"https:\/\/api.w.org\/{rel}","templated":true}]}}