{"id":612,"date":"2022-08-26T11:14:45","date_gmt":"2022-08-26T08:14:45","guid":{"rendered":"https:\/\/www.vesi.fi\/vesikirje\/?p=612"},"modified":"2022-08-26T12:44:45","modified_gmt":"2022-08-26T09:44:45","slug":"tapahtumia-syksylla-2022","status":"publish","type":"post","link":"https:\/\/www.vesi.fi\/vesikirje\/tapahtumia-syksylla-2022\/","title":{"rendered":"Tapahtumia syksyll\u00e4 2022"},"content":{"rendered":"<ul>\n<li><a href=\"https:\/\/www.ymparisto.fi\/fi-FI\/Vesistokunnostusverkosto\/Tapahtumat\/Suomen_luonnon_vesistopaiva\/Suomen_luonnon_vesistopaiva_2022(60313\">Suomen luonnon vesist\u00f6p\u00e4iv\u00e4n\u00e4 27.8.2022<\/a> j\u00e4rjestet\u00e4\u00e4n vesiaiheisia tapahtumia eri puolella Suomea.<\/li>\n<li><a href=\"https:\/\/nordicwfd2022.vatn.is\/\">Nordic WFD seminar 30.8.(-1.9.)<\/a> j\u00e4rjestet\u00e4\u00e4n Reykjavikissa, Islannissa. Tapahtuman ensimm\u00e4inen p\u00e4iv\u00e4 on avoin kaikille ja siihen voi osallistua my\u00f6s et\u00e4n\u00e4.<\/li>\n<li><a href=\"https:\/\/www.syke.fi\/fi-FI\/Ajankohtaista\/Tapahtumat\/Luonnon_ja_sisavesien_suojeluhankkeen_el(63725)\">Luonnon ja sis\u00e4vesien suojeluhankkeen eli Freshabit LIFE IP:n loppuseminaari 15.9.2022<\/a><\/li>\n<li><a href=\"https:\/\/ym.fi\/tapahtumat\/2022-09-28\/vaikuta-vesiin-paivat\">Vaikuta Vesiin &#8211; p\u00e4iv\u00e4t Rovaniemell\u00e4 28.-29.9.<\/a><\/li>\n<li><a href=\"https:\/\/www.vesiyhdistys.fi\/hulevesijaosto\/hulevesiseminaari\/\">Hulevesi 2022 -seminaari Turussa 29.-30.9.<\/a><\/li>\n<li><a href=\"https:\/\/ym.fi\/tapahtumat\/2022-10-06\/kalankasvatuksen-ymparistonsuojelupaivat\">Kalankasvatuksen ymp\u00e4rist\u00f6nsuojelup\u00e4iv\u00e4t Jyv\u00e4skyl\u00e4ss\u00e4 6.-7.10.<\/a><\/li>\n<li><a href=\"https:\/\/syke.etapahtuma.fi\/Hallinta\/Ulkoinen-koulutuskalenteri\/Lis%C3%A4tietoja\/id\/4061\">Luonnonvesien kentt\u00e4mittausten luotettavuus ja n\u00e4ytteenoton uudet tuulet 12.10<\/a>.<\/li>\n<li><a href=\"https:\/\/e.eventos.fi\/events\/bsag\/maatalouden-kestava-vesienhallinta\/ohjelma\">Maatalouden kest\u00e4v\u00e4 vesienhallinta \u2013 keinoja sopeutua ilmastonmuutokseen ja lis\u00e4t\u00e4 luonnon monimuotoisuutta -seminaari 13.10.<\/a><\/li>\n<li>Pienvesitapaaminen: Pienvesien monimuotoisuus 28.10. Save the date! (Helsingin kaupunki)<\/li>\n<li>Vantaanjokip\u00e4iv\u00e4 28.10.2022. Save the date! (Vantaanjoen ja Helsingin seudun vesiensuojeluyhdistys ry, Suomen ymp\u00e4rist\u00f6keskus &amp; Turun yliopisto \/ Freshwater Competence Centre)<\/li>\n<li>Tulva-, pato-, vesienhoito- ja kunnostusp\u00e4iv\u00e4t Oulussa 1.-2.11. Save the date. Ilmoittautuminen avautuu syyskuussa.<\/li>\n<li>Kansallinen mallinnusseminaari 28.11.2022, Otaniemi, Espoo. \u201dHydrologian ja vesist\u00f6jen mallit ja digitaaliset aineistot\u201d. Save the date. Lis\u00e4tietoja tulossa (Vesiyhdistys).<\/li>\n<\/ul>\n","protected":false},"excerpt":{"rendered":"<p>Suomen luonnon vesist\u00f6p\u00e4iv\u00e4n\u00e4 27.8.2022 j\u00e4rjestet\u00e4\u00e4n vesiaiheisia tapahtumia eri puolella Suomea. Nordic WFD seminar 30.8.(-1.9.) j\u00e4rjestet\u00e4\u00e4n Reykjavikissa, Islannissa. Tapahtuman ensimm\u00e4inen p\u00e4iv\u00e4 on avoin kaikille ja siihen voi osallistua my\u00f6s et\u00e4n\u00e4. Luonnon ja sis\u00e4vesien suojeluhankkeen eli Freshabit LIFE IP:n loppuseminaari 15.9.2022 Vaikuta Vesiin &#8211; p\u00e4iv\u00e4t Rovaniemell\u00e4 28.-29.9. Hulevesi 2022 -seminaari Turussa 29.-30.9. Kalankasvatuksen ymp\u00e4rist\u00f6nsuojelup\u00e4iv\u00e4t Jyv\u00e4skyl\u00e4ss\u00e4 6.-7.10. Luonnonvesien [&hellip;]<\/p>\n","protected":false},"author":5,"featured_media":0,"comment_status":"closed","ping_status":"open","sticky":false,"template":"","format":"standard","meta":{"_acf_changed":false,"footnotes":""},"categories":[7],"tags":[],"class_list":["post-612","post","type-post","status-publish","format-standard","hentry","category-vesikirje-elokuu-2022"],"acf":[],"aioseo_notices":[],"_links":{"self":[{"href":"https:\/\/www.vesi.fi\/vesikirje\/wp-json\/wp\/v2\/posts\/612","targetHints":{"allow":["GET"]}}],"collection":[{"href":"https:\/\/www.vesi.fi\/vesikirje\/wp-json\/wp\/v2\/posts"}],"about":[{"href":"https:\/\/www.vesi.fi\/vesikirje\/wp-json\/wp\/v2\/types\/post"}],"author":[{"embeddable":true,"href":"https:\/\/www.vesi.fi\/vesikirje\/wp-json\/wp\/v2\/users\/5"}],"replies":[{"embeddable":true,"href":"https:\/\/www.vesi.fi\/vesikirje\/wp-json\/wp\/v2\/comments?post=612"}],"version-history":[{"count":4,"href":"https:\/\/www.vesi.fi\/vesikirje\/wp-json\/wp\/v2\/posts\/612\/revisions"}],"predecessor-version":[{"id":659,"href":"https:\/\/www.vesi.fi\/vesikirje\/wp-json\/wp\/v2\/posts\/612\/revisions\/659"}],"wp:attachment":[{"href":"https:\/\/www.vesi.fi\/vesikirje\/wp-json\/wp\/v2\/media?parent=612"}],"wp:term":[{"taxonomy":"category","embeddable":true,"href":"https:\/\/www.vesi.fi\/vesikirje\/wp-json\/wp\/v2\/categories?post=612"},{"taxonomy":"post_tag","embeddable":true,"href":"https:\/\/www.vesi.fi\/vesikirje\/wp-json\/wp\/v2\/tags?post=612"}],"curies":[{"name":"wp","href":"https:\/\/api.w.org\/{rel}","templated":true}]}}