{"id":539,"date":"2022-05-19T08:54:39","date_gmt":"2022-05-19T05:54:39","guid":{"rendered":"https:\/\/www.vesi.fi\/vesikirje\/?p=539"},"modified":"2022-05-19T10:13:31","modified_gmt":"2022-05-19T07:13:31","slug":"tapahtumia-toukokuu-2022","status":"publish","type":"post","link":"https:\/\/www.vesi.fi\/vesikirje\/tapahtumia-toukokuu-2022\/","title":{"rendered":"Tapahtumia kes\u00e4ll\u00e4 2022"},"content":{"rendered":"<p>Kes\u00e4ll\u00e4 tapahtuu paljon vesien ymp\u00e4rill\u00e4! Huomaa seuraavat mielenkiintoiset tapahtumat ja teemap\u00e4iv\u00e4t:<\/p>\n<ul>\n<li><a href=\"https:\/\/www.ymparisto.fi\/fi-FI\/Vesistokunnostusverkosto\/Tapahtumat\/Muut_tapahtumat\/Verkoston_aamukahvit\/Vesistokunnostajien_aamukahvit(60684)\">Vesist\u00f6kunnostajien aamukahvit 20.5.<\/a>\u00a0aiheena Patojen geenit &#8211; tulpat Keski-Suomen vesisuonissa<\/li>\n<li><a href=\"https:\/\/www.ymparisto.fi\/fi-fi\/vesistokunnostusverkosto\/tapahtumat\/Muut_tapahtumat\/Maailman_vaelluskalapaiva\">Maailman vaelluskalap\u00e4iv\u00e4\u00e4<\/a> vietet\u00e4\u00e4n 21.5. &#8211; j\u00e4rjest\u00e4 oma tilaisuus, jaa tietoa tai osallistu tapahtumiin!<\/li>\n<li>Freshabit Life IP -hanke j\u00e4rjest\u00e4\u00e4 Kiimingiss\u00e4 mets\u00e4talouden vesiensuojelukoulutusta kahtena p\u00e4iv\u00e4n\u00e4, <a href=\"https:\/\/www.lyyti.fi\/reg\/Vesiensuojelukoulutus_Kiiminki_3930\">keskiviikkona 1.6.<\/a> ja <a href=\"https:\/\/www.lyyti.fi\/reg\/Vesiensuojelukoulutus_Kiiminki_4013\">torstaina 2.6<\/a>. Koulutus tarjoaa k\u00e4yt\u00e4nn\u00f6nl\u00e4heist\u00e4 tietoa puunkorjuun ja maanmuokkauksen vesiensuojelusta sek\u00e4 turvemaametsien k\u00e4sittelyst\u00e4.<\/li>\n<li><a href=\"https:\/\/www.worldenvironmentday.global\/\">Maailman ymp\u00e4rist\u00f6p\u00e4iv\u00e4 5.6.<\/a><\/li>\n<li><a href=\"https:\/\/www.lyyti.fi\/reg\/PohjoisPusulan_jarvireitin_metsatalouden_vesiensuojelun_teemapaiva_1922\">Pohjois-Pusulan j\u00e4rvireitin mets\u00e4talouden vesiensuojelun teemap\u00e4iv\u00e4ss\u00e4 7.6.<\/a> kuullaan kohdealueelle laaditusta mets\u00e4talouden vesiensuojelun yleissuunnitelmasta sek\u00e4 vesiensuojelun menetelmist\u00e4. T\u00e4m\u00e4n j\u00e4lkeen vieraillaan maastokohteilla Heinj\u00e4rven ymp\u00e4rist\u00f6ss\u00e4.<\/li>\n<li><a href=\"https:\/\/www.ymparisto.fi\/fi-FI\/Vesistokunnostusverkosto\/Tapahtumat\/Vuosiseminaarit\/Vuosiseminaari_2022\/Vesistokunnostusverkoston_vuosiseminaari(62915\">Vesist\u00f6kunnostusverkoston vuosiseminaarin 23.-25.8.<\/a> teemoina ovat t\u00e4ll\u00e4 kertaa It\u00e4meri ja rannikkovedet, virtavedet sek\u00e4 valumavesien hallinta. Tapahtuman yhteydess\u00e4 juhlistetaan my\u00f6s It\u00e4merip\u00e4iv\u00e4\u00e4! Vuosiseminaari pidet\u00e4\u00e4n Kokkolassa.<\/li>\n<li><a href=\"https:\/\/www.ymparisto.fi\/fi-FI\/Vesistokunnostusverkosto\/Tapahtumat\/Suomen_luonnon_vesistopaiva\/Suomen_luonnon_vesistopaiva_2022(60313\">Suomen luonnon vesist\u00f6p\u00e4iv\u00e4n\u00e4 27.8.2022<\/a> j\u00e4rjestet\u00e4\u00e4n tapahtumia joka puolella Suomea. Ilmoita tapahtumasi mukaan 2.8.2022 menness\u00e4!<\/li>\n<li><a href=\"https:\/\/nordicwfd2022.vatn.is\/\">Nordic WFD seminar 30.8.(-1.9.)<\/a> j\u00e4rjestet\u00e4\u00e4n Reykjavikissa, Islannissa. Tapahtuman ensimm\u00e4inen p\u00e4iv\u00e4 on avoin kaikille ja siihen voi osallistua my\u00f6s et\u00e4n\u00e4.<\/li>\n<li><a href=\"https:\/\/ym.fi\/tapahtumat\">Vaikuta Vesiin &#8211; p\u00e4iv\u00e4t 28.-29.9.<\/a><\/li>\n<li><strong>Freshabit LIFE IP -hankkeen loppuseminaari 15.9.<\/strong> Suomen suurin sis\u00e4vesihanke Freshabit LIFE IP p\u00e4\u00e4ttyy ja on aika tehd\u00e4 katsaus mit\u00e4 31 kumppanin voimin on saavutettu seitsem\u00e4n vuoden aikana. Loppuseminaari j\u00e4rjestet\u00e4\u00e4n kutsuvierastapahtumana S\u00e4\u00e4tytalolla sek\u00e4 kaikille avoimena virtuaalitapahtumana. Seminaarissa esitell\u00e4\u00e4n hankkeessa kehitettyj\u00e4 toimintamalleja ja k\u00e4yt\u00e4nt\u00f6j\u00e4, hankealueiden saavutuksia sek\u00e4 valtakunnallista vaikuttavuutta. Varaa siis p\u00e4iv\u00e4m\u00e4\u00e4r\u00e4 kalenteriisi! Ilmoittautuminen aukeaa elokuussa.<\/li>\n<\/ul>\n","protected":false},"excerpt":{"rendered":"<p>Kes\u00e4ll\u00e4 tapahtuu paljon vesien ymp\u00e4rill\u00e4! Huomaa seuraavat mielenkiintoiset tapahtumat ja teemap\u00e4iv\u00e4t: Vesist\u00f6kunnostajien aamukahvit 20.5.\u00a0aiheena Patojen geenit &#8211; tulpat Keski-Suomen vesisuonissa Maailman vaelluskalap\u00e4iv\u00e4\u00e4 vietet\u00e4\u00e4n 21.5. &#8211; j\u00e4rjest\u00e4 oma tilaisuus, jaa tietoa tai osallistu tapahtumiin! Freshabit Life IP -hanke j\u00e4rjest\u00e4\u00e4 Kiimingiss\u00e4 mets\u00e4talouden vesiensuojelukoulutusta kahtena p\u00e4iv\u00e4n\u00e4, keskiviikkona 1.6. ja torstaina 2.6. Koulutus tarjoaa k\u00e4yt\u00e4nn\u00f6nl\u00e4heist\u00e4 tietoa puunkorjuun ja maanmuokkauksen [&hellip;]<\/p>\n","protected":false},"author":5,"featured_media":0,"comment_status":"closed","ping_status":"open","sticky":false,"template":"","format":"standard","meta":{"_acf_changed":false,"footnotes":""},"categories":[6],"tags":[],"class_list":["post-539","post","type-post","status-publish","format-standard","hentry","category-vesikirje-toukokuu-2022"],"acf":[],"aioseo_notices":[],"_links":{"self":[{"href":"https:\/\/www.vesi.fi\/vesikirje\/wp-json\/wp\/v2\/posts\/539","targetHints":{"allow":["GET"]}}],"collection":[{"href":"https:\/\/www.vesi.fi\/vesikirje\/wp-json\/wp\/v2\/posts"}],"about":[{"href":"https:\/\/www.vesi.fi\/vesikirje\/wp-json\/wp\/v2\/types\/post"}],"author":[{"embeddable":true,"href":"https:\/\/www.vesi.fi\/vesikirje\/wp-json\/wp\/v2\/users\/5"}],"replies":[{"embeddable":true,"href":"https:\/\/www.vesi.fi\/vesikirje\/wp-json\/wp\/v2\/comments?post=539"}],"version-history":[{"count":14,"href":"https:\/\/www.vesi.fi\/vesikirje\/wp-json\/wp\/v2\/posts\/539\/revisions"}],"predecessor-version":[{"id":577,"href":"https:\/\/www.vesi.fi\/vesikirje\/wp-json\/wp\/v2\/posts\/539\/revisions\/577"}],"wp:attachment":[{"href":"https:\/\/www.vesi.fi\/vesikirje\/wp-json\/wp\/v2\/media?parent=539"}],"wp:term":[{"taxonomy":"category","embeddable":true,"href":"https:\/\/www.vesi.fi\/vesikirje\/wp-json\/wp\/v2\/categories?post=539"},{"taxonomy":"post_tag","embeddable":true,"href":"https:\/\/www.vesi.fi\/vesikirje\/wp-json\/wp\/v2\/tags?post=539"}],"curies":[{"name":"wp","href":"https:\/\/api.w.org\/{rel}","templated":true}]}}