{"id":38606,"date":"2026-03-26T09:08:36","date_gmt":"2026-03-26T07:08:36","guid":{"rendered":"https:\/\/www.vesi.fi\/sv\/?p=38606"},"modified":"2026-03-26T10:13:22","modified_gmt":"2026-03-26T08:13:22","slug":"torkan-fortsatter-vara-utmanande-manga-sjoar-och-grundvattennivaer-ar-laga","status":"publish","type":"post","link":"https:\/\/www.vesi.fi\/sv\/torkan-fortsatter-vara-utmanande-manga-sjoar-och-grundvattennivaer-ar-laga\/","title":{"rendered":"Torkan forts\u00e4tter vara utmanande \u2013 m\u00e5nga sj\u00f6ar och grundvattenniv\u00e5er \u00e4r l\u00e5ga"},"content":{"rendered":"<div>\n<div>\n<blockquote>\n<p class=\"MsoQuote\">Grundvattenniv\u00e5erna ligger under det normala i stora delar av landet, med undantag f\u00f6r Lappland. Situationen har f\u00f6rv\u00e4rrats av en ovanligt sn\u00f6fattig vinter, l\u00e5nga k\u00f6ldperioder, en tidig v\u00e5r samt en l\u00e5ngvarig torka s\u00e4rskilt i \u00f6stra Finland. Enligt prognosen kommer de stora sj\u00f6arna i \u00f6stra Finland att f\u00f6rbli l\u00e5ga \u00e4ven i \u00e5r. V\u00e5rens och sommarens torka kan p\u00e5verka tillg\u00e5ngen p\u00e5 vatten, jordbrukets sk\u00f6rdar, risken f\u00f6r skogsbr\u00e4nder, vattentransport, rekreationsanv\u00e4ndningen av vattendrag samt energiproduktion. Nederb\u00f6rden under v\u00e5ren avg\u00f6r vilka effekter torkan slutligen kommer att ha.<\/p>\n<\/blockquote>\n<p class=\"MsoNormal\">I \u00f6stra och mellersta Finland samt l\u00e4ngs v\u00e4stkusten ligger grundvattenniv\u00e5erna fortsatt under det normala, och p\u00e5 vissa h\u00e5ll har man uppm\u00e4tt exceptionellt l\u00e5ga niv\u00e5er f\u00f6r \u00e5rstiden. Detta g\u00e4ller s\u00e4rskilt S\u00f6dra och Norra Savolax, S\u00f6dra och Norra Karelen, Mellersta Finland samt Birkaland.<\/p>\n<p class=\"MsoNormal\">\u201dI slut\u00e4ndan \u00e4r det nederb\u00f6rden som avg\u00f6r v\u00e5rens torka, men utg\u00e5ngsl\u00e4get v\u00e4cker oro. F\u00f6r sommaren \u00e4r det \u00e4nnu n\u00e5got f\u00f6r tidigt att s\u00e4ga hur torkan och grundvattenbristen utvecklas, men sannolikt kommer de stora sj\u00f6arna i \u00f6stra Finland att ligga l\u00e5gt \u00e4ven i \u00e5r\u201d, s\u00e4ger \u00d6versv\u00e4mningscentrets chef <b>Lauri Ahopelto<\/b> vid Finlands milj\u00f6central.<\/p>\n<h3>Tunt sn\u00f6t\u00e4cke och sm\u00e5 sm\u00e4ltvattenm\u00e4ngder minskar grundvattenbildningen<\/h3>\n<p class=\"MsoNormal\">Sn\u00f6t\u00e4cket var tunt i hela landet under vintern, med undantag f\u00f6r Lappland. Den l\u00e5ga sn\u00f6m\u00e4ngden och str\u00e4ng k\u00f6ld f\u00f6rsvagar tillf\u00f6rseln av grundvatten. P\u00e5 vissa h\u00e5ll har underskottet i grundvattenniv\u00e5erna varit 40\u2013115 cm j\u00e4mf\u00f6rt med medelv\u00e4rdena. De regionala variationerna \u00e4r betydande. I sm\u00e5 grundvattenf\u00f6rekomster har niv\u00e5erna stigit i takt med tidig sn\u00f6sm\u00e4ltning, men de reagerar ocks\u00e5 snabbare p\u00e5 torka.<\/p>\n<p class=\"MsoNormal\">Den begr\u00e4nsade m\u00e4ngden sm\u00e4ltvatten under v\u00e5ren \u00f6kar risken f\u00f6r torka \u00e4ven under f\u00f6rsommaren. L\u00e5ga grundvattenniv\u00e5er, en sn\u00f6fattig vinter och en tidig v\u00e5r g\u00f6r situationen mer utmanande \u00e4n vanligt. F\u00f6r att grundvattenreserver och sj\u00f6ar ska fyllas p\u00e5 skulle det kr\u00e4vas st\u00f6rre nederb\u00f6rdsm\u00e4ngder \u00e4n normalt. I \u00f6stra Finland har torkan redan p\u00e5g\u00e5tt i tv\u00e5 \u00e5r, och den sn\u00f6fattiga vintern f\u00f6rv\u00e4rrar l\u00e4get.<\/p>\n<p class=\"MsoNormal\">Enligt Meteorologiska institutets m\u00e5nadsprognos blir det n\u00e5got torrare \u00e4n normalt i stora delar av landet. Om v\u00e4dret forts\u00e4tter vara varmare och torrare \u00e4n vanligt under v\u00e5ren kan det ytterligare minska markfuktigheten och bildningen av grundvatten, s\u00e4rskilt i s\u00f6dra och mellersta Finland.<\/p>\n<h3>Sj\u00f6niv\u00e5erna f\u00f6rblir l\u00e5ga i omr\u00e5det fr\u00e5n \u00f6stra Finland till Birkaland<\/h3>\n<p class=\"MsoNormal\">Vattenniv\u00e5erna i stora naturliga sj\u00f6ar kommer med stor sannolikhet att ligga under det normala i sommar i omr\u00e5det fr\u00e5n \u00f6stra Finland till Birkaland, om det inte kommer mer nederb\u00f6rd \u00e4n vanligt under sen v\u00e5r och tidig sommar.<\/p>\n<p class=\"MsoNormal\">Till exempel kommer vattenniv\u00e5erna i Pielinen och Saimen sannolikt att vara lika l\u00e5ga som eller l\u00e4gre \u00e4n f\u00f6rra sommaren. \u00c4ven Keitele, P\u00e4ij\u00e4nne, Tarjanne och L\u00e4ngelm\u00e4vesi v\u00e4ntas ligga tydligt under normala niv\u00e5er om v\u00e5ren och f\u00f6rsommaren f\u00f6rblir torra. P\u00e5 grund av torkan har man redan inlett undantagsregleringar i Saimen f\u00f6r att minska skadorna av l\u00e5ga vattenniv\u00e5er. (<a href=\"https:\/\/www.sttinfo.fi\/tiedote\/71902077\/vuoksen-vesistoalueen-jarvien-vedenkorkeudet-jaamassa-matalalle-saimaan-juoksutuksia-vahennetaan?publisherId=69821602&amp;lang=fi\">Vuoksen vesist\u00f6alueen j\u00e4rvien vedenkorkeudet j\u00e4\u00e4m\u00e4ss\u00e4 matalalle \u2013 Saimaan juoksutuksia v\u00e4hennet\u00e4\u00e4n (Kaakkois-Suomen elinvoimakeskuksen tiedote 23.3.2026<\/a>).<b><\/b><\/p>\n<p class=\"MsoNormal\">Vattenniv\u00e5erna i reglerade sj\u00f6ar s\u00e4nks i allm\u00e4nhet inte lika mycket som vanligt under vintern f\u00f6r att lagra sm\u00e4ltvatten. M\u00e5let \u00e4r att h\u00f6ja vattenniv\u00e5n till en niv\u00e5 som \u00e4r gynnsam f\u00f6r rekreation under sommaren. Den l\u00e5ga sn\u00f6m\u00e4ngden och den tidiga v\u00e5ren kan dock f\u00f6rsv\u00e5ra att n\u00e5 m\u00e5lniv\u00e5erna.<\/p>\n<h3>Tidig sn\u00f6sm\u00e4ltning \u00f6kar risken f\u00f6r torka i naturen och p\u00e5 \u00e5krar<\/h3>\n<p class=\"MsoNormal\">Det tunna sn\u00f6t\u00e4cket har i \u00e5r sm\u00e4lt \u00f6ver en m\u00e5nad tidigare \u00e4n normalt i stora delar av landet, med undantag f\u00f6r Lappland. Om v\u00e5rregnen uteblir kan torkan \u00f6ka risken f\u00f6r skogsbr\u00e4nder och behovet av bevattning i m\u00e5nga odlingsomr\u00e5den.<\/p>\n<p class=\"MsoNormal\">En annan risk f\u00f6r jordbruket beror p\u00e5 djup tj\u00e4le, str\u00e4ng kyla och avsaknaden av skyddande sn\u00f6t\u00e4cke under vintern. Dessa faktorer kan ha skadat h\u00f6sts\u00e5dda gr\u00f6dor och leda till sk\u00f6rdef\u00f6rluster.<\/p>\n<h3>Att f\u00f6rutse risker f\u00f6r torka blir allt viktigare \u00e4ven i Norden<\/h3>\n<p class=\"MsoNormal\">Trots v\u00e5ra tusentals sj\u00f6ar orsakar torka skador \u00e4ven i Norden. Den senaste allvarliga torrperioden i Finland intr\u00e4ffade 2018 och orsakade omfattande skador inom jordbruket.<\/p>\n<p class=\"MsoNormal\">Klimatf\u00f6r\u00e4ndringen har redan f\u00f6r\u00e4ndrat vattnets krettslopp i Finland. Vintrarna har blivit sn\u00f6fattigare och m\u00e4ngden sm\u00e4ltvatten p\u00e5 v\u00e5ren har minskat. Riskerna kopplade till torka m\u00e5ste hanteras p\u00e5 ett helhetsm\u00e4ssigt s\u00e4tt, vilket kr\u00e4ver noggrannare uppf\u00f6ljning, b\u00e4ttre framf\u00f6rh\u00e5llning och beredskap i hela samh\u00e4llet.<\/p>\n<p class=\"MsoNormal\">Finlands milj\u00f6centrals forskning, uppf\u00f6ljning och prognoser st\u00f6der identifiering och minskning av risker f\u00f6r torka. Arbetet \u00e4r en viktig del av en st\u00f6rre helhet som syftar till att st\u00e4rka samh\u00e4llets krisberedskap och s\u00e4kerst\u00e4lla en h\u00e5llbar anv\u00e4ndning av vattenresurser \u00e4ven i framtiden.<\/p>\n<p class=\"MsoNormal\">Finlands milj\u00f6central och Meteorologiska institutets gemensamma \u00d6versv\u00e4mningscentret f\u00f6ljer och informerar om utvecklingen av torkl\u00e4get under v\u00e4xtperioden (1.5\u201331.8) i samarbete med livskraftscentralerna via sidan <a href=\"https:\/\/www.vesi.fi\/sv\/kuivuustilanne\/\">L\u00e4get g\u00e4llande torka (vatten.fi)<\/a>.<\/p>\n<h3>Kontakter<\/h3>\n<p class=\"MsoNormal\">\u00d6versv\u00e4mningscentrets chef Lauri Ahopelto, Finlands milj\u00f6central, Tel: +358 295 251\u00a0342, <a href=\"mailto:lauri.ahopelto@syke.fi\">lauri.ahopelto@syke.fi<\/a><\/p>\n<h3>L\u00e4nkar<\/h3>\n<ul>\n<li><a href=\"https:\/\/www.vesi.fi\/sv\/kuivuustilanne\/\">L\u00e4get g\u00e4llande torka (vatten.fi)<\/a><\/li>\n<li><a href=\"https:\/\/www.vesi.fi\/sv\/grundvattenlaget\/\">Grundvattenl\u00e4get (vatten.fi)<\/a><\/li>\n<li><a href=\"https:\/\/www.vesi.fi\/sv\/vattenlaget\/\">Vattenl\u00e4get (vatten.fi)<\/a><\/li>\n<li><a href=\"https:\/\/www.ilmatieteenlaitos.fi\/pitkan-ennusteen-seuranta\">Pitk\u00e4n ennusteen seuranta (ilmatieteenlaitos.fi)<\/a><\/li>\n<li><a href=\"https:\/\/www.vesi.fi\/sv\/vesitieto\/nar-torkan-slar-till\/\">N\u00e4r torkan sl\u00e5r till (vatten.fi)<\/a><\/li>\n<\/ul>\n<p class=\"MsoNormal\">Foto: Adobe Stock<\/p>\n<\/div>\n<\/div>\n","protected":false},"excerpt":{"rendered":"<p>Grundvattenniv\u00e5erna ligger under det normala i stora delar av landet, med undantag f\u00f6r Lappland. Situationen har f\u00f6rv\u00e4rrats av en ovanligt sn\u00f6fattig vinter, l\u00e5nga k\u00f6ldperioder, en tidig v\u00e5r samt en l\u00e5ngvarig torka s\u00e4rskilt i \u00f6stra Finland. Enligt prognosen kommer de stora sj\u00f6arna i \u00f6stra Finland att f\u00f6rbli l\u00e5ga \u00e4ven i \u00e5r. V\u00e5rens och sommarens torka kan [&hellip;]<\/p>\n","protected":false},"author":45,"featured_media":38607,"comment_status":"closed","ping_status":"closed","sticky":false,"template":"","format":"standard","meta":{"_acf_changed":false,"footnotes":""},"categories":[470],"tags":[],"class_list":["post-38606","post","type-post","status-publish","format-standard","has-post-thumbnail","hentry","category-vattensituationen-artiklar"],"acf":[],"aioseo_notices":[],"_links":{"self":[{"href":"https:\/\/www.vesi.fi\/sv\/wp-json\/wp\/v2\/posts\/38606","targetHints":{"allow":["GET"]}}],"collection":[{"href":"https:\/\/www.vesi.fi\/sv\/wp-json\/wp\/v2\/posts"}],"about":[{"href":"https:\/\/www.vesi.fi\/sv\/wp-json\/wp\/v2\/types\/post"}],"author":[{"embeddable":true,"href":"https:\/\/www.vesi.fi\/sv\/wp-json\/wp\/v2\/users\/45"}],"replies":[{"embeddable":true,"href":"https:\/\/www.vesi.fi\/sv\/wp-json\/wp\/v2\/comments?post=38606"}],"version-history":[{"count":1,"href":"https:\/\/www.vesi.fi\/sv\/wp-json\/wp\/v2\/posts\/38606\/revisions"}],"predecessor-version":[{"id":38609,"href":"https:\/\/www.vesi.fi\/sv\/wp-json\/wp\/v2\/posts\/38606\/revisions\/38609"}],"wp:featuredmedia":[{"embeddable":true,"href":"https:\/\/www.vesi.fi\/sv\/wp-json\/wp\/v2\/media\/38607"}],"wp:attachment":[{"href":"https:\/\/www.vesi.fi\/sv\/wp-json\/wp\/v2\/media?parent=38606"}],"wp:term":[{"taxonomy":"category","embeddable":true,"href":"https:\/\/www.vesi.fi\/sv\/wp-json\/wp\/v2\/categories?post=38606"},{"taxonomy":"post_tag","embeddable":true,"href":"https:\/\/www.vesi.fi\/sv\/wp-json\/wp\/v2\/tags?post=38606"}],"curies":[{"name":"wp","href":"https:\/\/api.w.org\/{rel}","templated":true}]}}