{"id":38550,"date":"2026-03-13T15:23:25","date_gmt":"2026-03-13T13:23:25","guid":{"rendered":"https:\/\/www.vesi.fi\/sv\/?p=38550"},"modified":"2026-03-13T16:43:39","modified_gmt":"2026-03-13T14:43:39","slug":"varflodet-i-de-osterbottniska-landskapen-blir-mindre-an-genomsnittet","status":"publish","type":"post","link":"https:\/\/www.vesi.fi\/sv\/varflodet-i-de-osterbottniska-landskapen-blir-mindre-an-genomsnittet\/","title":{"rendered":"V\u00e5rfl\u00f6det i de \u00f6sterbottniska landskapen blir mindre \u00e4n genomsnittet"},"content":{"rendered":"<div>\n<div>\n<p class=\"MsoQuote\">Varmare v\u00e4der samt regn som enligt prognoserna v\u00e4ntas falla under veckoslutet \u00f6kar vattenf\u00f6ringen i de \u00f6sterbottniska \u00e5arna under veckoslutet. Sn\u00f6m\u00e4ngden i de \u00f6sterbottniska landskapen har varit mindre \u00e4n vanligt. Den rikliga nederb\u00f6rden kan leda till att vattenf\u00f6ringen i \u00e5arna stiger snabbt och isarna som inte \u00e4nnu har blivit svagare b\u00f6rjar r\u00f6ra p\u00e5 sig.<\/p>\n<p class=\"MsoNormal\">Enligt prognoserna kommer vattenf\u00f6ringen att stiga under de n\u00e4rmaste dagarna s\u00e4rskilt i Kyro \u00e4lv och Lappo \u00e5 samt i de sydliga sm\u00e5 avrinningsomr\u00e5den l\u00e4ngs kusten som till exempel i Lappfj\u00e4rds \u00e5, Tj\u00f6ck \u00e5 och N\u00e4rpes \u00e5. I Perus i Lappfj\u00e4rds \u00e5 uppskattas vattenf\u00f6ringen n\u00e5 niv\u00e5n cirka 50 m3\/s under veckoslutet. Den genomsnittliga vattenf\u00f6ringen vid v\u00e5rfl\u00f6det i Perus ligger p\u00e5 cirka 100 m3\/s. I Kyro \u00e4lvs nedre lopp \u00f6kar vattenf\u00f6ringen enligt prognoserna till niv\u00e5n cirka 200\u2013250 m3\/s under b\u00f6rjan av n\u00e4sta vecka, medan den genomsnittliga vattenf\u00f6ringen vid v\u00e5r\u00f6versv\u00e4mningar i Kyro \u00e4lvs nedre lopp ligger p\u00e5 cirka 300 m3\/s. Den sammanlagda nederb\u00f6rdsm\u00e4ngden under slutet av veckan har betydande inverkan p\u00e5 fl\u00f6destoppar i de \u00f6sterbottniska \u00e5arna.<\/p>\n<p class=\"MsoNormal\">P\u00e5 grund av den ringa sn\u00f6m\u00e4ngden har vattenst\u00e5ndet i de konstgjorda och reglerade sj\u00f6arna s\u00e4nkts mindre \u00e4n vanligt i v\u00e5r. Sn\u00f6m\u00e4ngden i de \u00f6sterbottniska landskapen har i v\u00e5r varit ungef\u00e4r h\u00e4lften av genomsnittet. Under de senaste dagarna har man med sm\u00e4lt- och regnvattnet b\u00f6rjat h\u00f6ja vattenst\u00e5ndet i de reglerade sj\u00f6arna.<\/p>\n<p class=\"MsoNormal\">Istjockleken i \u00e5arna har legat n\u00e4ra genomsnittet i v\u00e5r. Isarna i \u00e5arna har \u00e4nnu inte hunnit bli svagare. Om vattenf\u00f6ringen i \u00e5arna \u00f6kar avsev\u00e4rt, \u00e4r det m\u00f6jligt att isarna b\u00f6rjar r\u00f6ra p\u00e5 sig, vilket \u00f6kar risken f\u00f6r \u00f6versv\u00e4mningar s\u00e4rskilt i Kyro \u00e4lv, Lappfj\u00e4rds \u00e5, Tj\u00f6ck \u00e5 och N\u00e4rpes \u00e5.<\/p>\n<p class=\"MsoNormal\">Livskraftscentralen i Sydv\u00e4stra Finland f\u00f6ljer upp hur vattensituationen utvecklas under veckoslutet. I samband med regionf\u00f6rvaltningsreformen centraliserades uppgifterna inom vattenhush\u00e5llningen i \u00d6sterbotten, S\u00f6dra \u00d6sterbotten, Mellersta \u00d6sterbotten, Birkaland, Egentliga Tavastland, Satakunta och Egentliga Finland till livskraftscentralen i Sydv\u00e4stra Finland.<\/p>\n<p class=\"MsoNormal\">Bild: I Kyro \u00e4lv ligger isen fortfarande kvar nedanf\u00f6r Golkasbron i Storkyro. \u00a9 Livskraftscentralen i Sydv\u00e4stra Finland<\/p>\n<\/div>\n<\/div>\n","protected":false},"excerpt":{"rendered":"<p>Varmare v\u00e4der samt regn som enligt prognoserna v\u00e4ntas falla under veckoslutet \u00f6kar vattenf\u00f6ringen i de \u00f6sterbottniska \u00e5arna under veckoslutet. Sn\u00f6m\u00e4ngden i de \u00f6sterbottniska landskapen har varit mindre \u00e4n vanligt. Den rikliga nederb\u00f6rden kan leda till att vattenf\u00f6ringen i \u00e5arna stiger snabbt och isarna som inte \u00e4nnu har blivit svagare b\u00f6rjar r\u00f6ra p\u00e5 sig. Enligt prognoserna [&hellip;]<\/p>\n","protected":false},"author":32,"featured_media":38551,"comment_status":"closed","ping_status":"closed","sticky":false,"template":"","format":"standard","meta":{"_acf_changed":false,"footnotes":""},"categories":[470],"tags":[],"class_list":["post-38550","post","type-post","status-publish","format-standard","has-post-thumbnail","hentry","category-vattensituationen-artiklar"],"acf":[],"aioseo_notices":[],"_links":{"self":[{"href":"https:\/\/www.vesi.fi\/sv\/wp-json\/wp\/v2\/posts\/38550","targetHints":{"allow":["GET"]}}],"collection":[{"href":"https:\/\/www.vesi.fi\/sv\/wp-json\/wp\/v2\/posts"}],"about":[{"href":"https:\/\/www.vesi.fi\/sv\/wp-json\/wp\/v2\/types\/post"}],"author":[{"embeddable":true,"href":"https:\/\/www.vesi.fi\/sv\/wp-json\/wp\/v2\/users\/32"}],"replies":[{"embeddable":true,"href":"https:\/\/www.vesi.fi\/sv\/wp-json\/wp\/v2\/comments?post=38550"}],"version-history":[{"count":1,"href":"https:\/\/www.vesi.fi\/sv\/wp-json\/wp\/v2\/posts\/38550\/revisions"}],"predecessor-version":[{"id":38554,"href":"https:\/\/www.vesi.fi\/sv\/wp-json\/wp\/v2\/posts\/38550\/revisions\/38554"}],"wp:featuredmedia":[{"embeddable":true,"href":"https:\/\/www.vesi.fi\/sv\/wp-json\/wp\/v2\/media\/38551"}],"wp:attachment":[{"href":"https:\/\/www.vesi.fi\/sv\/wp-json\/wp\/v2\/media?parent=38550"}],"wp:term":[{"taxonomy":"category","embeddable":true,"href":"https:\/\/www.vesi.fi\/sv\/wp-json\/wp\/v2\/categories?post=38550"},{"taxonomy":"post_tag","embeddable":true,"href":"https:\/\/www.vesi.fi\/sv\/wp-json\/wp\/v2\/tags?post=38550"}],"curies":[{"name":"wp","href":"https:\/\/api.w.org\/{rel}","templated":true}]}}