{"id":38498,"date":"2026-03-04T17:28:22","date_gmt":"2026-03-04T15:28:22","guid":{"rendered":"https:\/\/www.vesi.fi\/sv\/?p=38498"},"modified":"2026-03-05T09:08:44","modified_gmt":"2026-03-05T07:08:44","slug":"varfloderna-vantas-bli-sma-pa-manga-hall","status":"publish","type":"post","link":"https:\/\/www.vesi.fi\/sv\/varfloderna-vantas-bli-sma-pa-manga-hall\/","title":{"rendered":"V\u00e5rfloderna v\u00e4ntas bli sm\u00e5 p\u00e5 m\u00e5nga h\u00e5ll"},"content":{"rendered":"<div>\n<div>\n<p class=\"MsoQuote\">V\u00e5rfloderna v\u00e4ntas bli mycket sm\u00e5 i s\u00f6dra, v\u00e4stra och mellersta Finland eftersom sn\u00f6m\u00e4ngderna har varit ovanligt sm\u00e5. Sn\u00f6situationen i Lappland tyder p\u00e5 normala eller n\u00e5got mindre v\u00e5rfloder. Det \u00e4r dock viktigt att komma ih\u00e5g att flodens storlek i slut\u00e4ndan alltid beror p\u00e5 nederb\u00f6rden och temperaturen under sn\u00f6sm\u00e4ltningen.<\/p>\n<p class=\"MsoNormal\">\u2013 P\u00e5 grund av den ringa sn\u00f6m\u00e4ngden kommer v\u00e5rfloderna sannolikt att bli sm\u00e5 p\u00e5 m\u00e5nga h\u00e5ll. Prognosen kan \u00e4nd\u00e5 \u00e4nnu f\u00f6r\u00e4ndras i \u00f6stra och norra Finland, eftersom sn\u00f6t\u00e4cket v\u00e4ntas \u00f6ka under de n\u00e4rmaste veckorna. \u00c4ven temperaturen och nederb\u00f6rden under sm\u00e4ltperioden p\u00e5verkar alltid den slutliga flodens storlek, s\u00e4ger forskare <b>Harri Myllyniemi<\/b> vid Finlands milj\u00f6central.<\/p>\n<p class=\"MsoNormal\">I Satakunta och Norra \u00d6sterbotten kan v\u00e5rfloden till och med bli exceptionellt liten till f\u00f6ljd av det tunna sn\u00f6t\u00e4cket och den stegvisa sn\u00f6sm\u00e4ltningen.<\/p>\n<p class=\"MsoNormal\">I s\u00f6dra och mellersta Finland finns det p\u00e5 m\u00e5nga h\u00e5ll ovanligt lite sn\u00f6. Till exempel finns det i Satakunta s\u00e5 lite sn\u00f6 bara en g\u00e5ng vart tionde \u00e5r i genomsnitt. Sn\u00f6ns vattenv\u00e4rde varierar fr\u00e5n cirka 10 millimeter vid v\u00e4stkusten och 40 millimeter i Norra Karelen till \u00f6ver 150 millimeter i Fj\u00e4ll-Lappland.<\/p>\n<p class=\"MsoNormal\">I s\u00f6dra Finland och vid v\u00e4stkusten v\u00e4ntas v\u00e5rfloden f\u00e5 tv\u00e5 eller flera toppar. I s\u00f6dra Finland uppn\u00e5ddes den f\u00f6rsta flodtoppen redan f\u00f6rra helgen. En del av sn\u00f6n i s\u00f6dra och v\u00e4stra Finland kommer att sm\u00e4lta under de n\u00e4rmaste veckorna. I sydv\u00e4stra Finland v\u00e4ntas flodtoppen infalla under det kommande veckoslutet. V\u00e4dret v\u00e4ntas under de n\u00e4rmaste veckorna forts\u00e4tta variera kring noll grader, och sm\u00e4ltande sn\u00f6 \u00f6kar vattenf\u00f6ringen i \u00e4lvarna i landets s\u00f6dra delar.<\/p>\n<h3>Isen\u00a0i\u00a0\u00e4lvarna\u00a0\u00e4r\u00a0tjockare\u00a0\u00e4n\u00a0i\u00a0genomsnitt\u00a0\u2013\u00a0inga\u00a0isproppar\u00a0i\u00a0prognoserna<\/h3>\n<p class=\"MsoNormal\">Isen i \u00e4lvarna \u00e4r i huvudsak tjockare \u00e4n i genomsnitt. I \u00e4lvarna i s\u00f6dra Finland och vid v\u00e4stkusten undviks sannolikt isproppar eftersom sn\u00f6m\u00e4ngderna \u00e4r sm\u00e5. F\u00f6r att isproppar ska bildas kr\u00e4vs ocks\u00e5 att vattenf\u00f6ringen stiger tillr\u00e4ckligt mycket.<\/p>\n<h3>F\u00f6rutseende\u00a0av\u00a0\u00f6versv\u00e4mningsrisker\u00a0\u00e4r\u00a0en\u00a0s\u00e4kerhetsfr\u00e5ga\u00a0f\u00f6r\u00a0samh\u00e4llet<\/h3>\n<p class=\"MsoNormal\">Klimatf\u00f6r\u00e4ndringen har redan f\u00f6r\u00e4ndrat \u00f6versv\u00e4mningarnas karakt\u00e4r i Finland. Sn\u00f6t\u00e4cket har minskat, vintrarna har blivit mer varierande och sn\u00f6sm\u00e4ltningsperioderna har tidigarelagts. De f\u00f6r\u00e4ndrade f\u00f6rh\u00e5llandena utmanar de traditionella metoderna f\u00f6r vattenhantering och kr\u00e4ver b\u00e4ttre framf\u00f6rh\u00e5llning och beredskap. Enligt forskningen kommer f\u00f6r\u00e4ndringen att forts\u00e4tta.<\/p>\n<p class=\"MsoNormal\">Finlands milj\u00f6centrals forskning, uppf\u00f6ljning och prognoser bidrar till att identifiera f\u00f6r\u00e4nderliga risker och st\u00e4rka samh\u00e4llets beredskap. Arbetet \u00e4r en del av ett bredare m\u00e5l att fr\u00e4mja h\u00e5llbar omst\u00e4llning och st\u00e4rka samh\u00e4llets anpassningsf\u00f6rm\u00e5ga i ett f\u00f6r\u00e4nderligt klimat.<\/p>\n<p class=\"MsoNormal\">\u00d6versv\u00e4mningscentret \u00e4r en gemensam tj\u00e4nst mellan Finlands milj\u00f6central och Meteorologiska institutet som prognostiserar och varnar f\u00f6r \u00f6versv\u00e4mningar. Verksamheten bygger p\u00e5 ett n\u00e4ra samarbete med livskraftscentralerna, r\u00e4ddningsverken, kommunerna och andra akt\u00f6rer.<\/p>\n<h3>Mer\u00a0information<\/h3>\n<p class=\"MsoNormal\">Forskare\u00a0Harri Myllyniemi,\u00a0Finlands\u00a0milj\u00f6central, tfn\u00a00295 251\u00a0439,<\/p>\n<p class=\"MsoNormal\"><b>Foto:<\/b> Kymmene \u00e4lv p\u00e5 vintern 2014. Foto L. Ahopelto, Syke<\/p>\n<\/div>\n<\/div>\n","protected":false},"excerpt":{"rendered":"<p>V\u00e5rfloderna v\u00e4ntas bli mycket sm\u00e5 i s\u00f6dra, v\u00e4stra och mellersta Finland eftersom sn\u00f6m\u00e4ngderna har varit ovanligt sm\u00e5. Sn\u00f6situationen i Lappland tyder p\u00e5 normala eller n\u00e5got mindre v\u00e5rfloder. Det \u00e4r dock viktigt att komma ih\u00e5g att flodens storlek i slut\u00e4ndan alltid beror p\u00e5 nederb\u00f6rden och temperaturen under sn\u00f6sm\u00e4ltningen. \u2013 P\u00e5 grund av den ringa sn\u00f6m\u00e4ngden kommer [&hellip;]<\/p>\n","protected":false},"author":45,"featured_media":38499,"comment_status":"closed","ping_status":"closed","sticky":false,"template":"","format":"standard","meta":{"_acf_changed":false,"footnotes":""},"categories":[43],"tags":[],"class_list":["post-38498","post","type-post","status-publish","format-standard","has-post-thumbnail","hentry","category-nytt"],"acf":[],"aioseo_notices":[],"_links":{"self":[{"href":"https:\/\/www.vesi.fi\/sv\/wp-json\/wp\/v2\/posts\/38498","targetHints":{"allow":["GET"]}}],"collection":[{"href":"https:\/\/www.vesi.fi\/sv\/wp-json\/wp\/v2\/posts"}],"about":[{"href":"https:\/\/www.vesi.fi\/sv\/wp-json\/wp\/v2\/types\/post"}],"author":[{"embeddable":true,"href":"https:\/\/www.vesi.fi\/sv\/wp-json\/wp\/v2\/users\/45"}],"replies":[{"embeddable":true,"href":"https:\/\/www.vesi.fi\/sv\/wp-json\/wp\/v2\/comments?post=38498"}],"version-history":[{"count":3,"href":"https:\/\/www.vesi.fi\/sv\/wp-json\/wp\/v2\/posts\/38498\/revisions"}],"predecessor-version":[{"id":38509,"href":"https:\/\/www.vesi.fi\/sv\/wp-json\/wp\/v2\/posts\/38498\/revisions\/38509"}],"wp:featuredmedia":[{"embeddable":true,"href":"https:\/\/www.vesi.fi\/sv\/wp-json\/wp\/v2\/media\/38499"}],"wp:attachment":[{"href":"https:\/\/www.vesi.fi\/sv\/wp-json\/wp\/v2\/media?parent=38498"}],"wp:term":[{"taxonomy":"category","embeddable":true,"href":"https:\/\/www.vesi.fi\/sv\/wp-json\/wp\/v2\/categories?post=38498"},{"taxonomy":"post_tag","embeddable":true,"href":"https:\/\/www.vesi.fi\/sv\/wp-json\/wp\/v2\/tags?post=38498"}],"curies":[{"name":"wp","href":"https:\/\/api.w.org\/{rel}","templated":true}]}}