{"id":38166,"date":"2026-01-05T09:58:36","date_gmt":"2026-01-05T07:58:36","guid":{"rendered":"https:\/\/www.vesi.fi\/sv\/?p=38166"},"modified":"2026-01-07T08:43:42","modified_gmt":"2026-01-07T06:43:42","slug":"risk-for-oversvamningar-av-kravis-i-manga-vattendrag-i-vastra-finland","status":"publish","type":"post","link":"https:\/\/www.vesi.fi\/sv\/risk-for-oversvamningar-av-kravis-i-manga-vattendrag-i-vastra-finland\/","title":{"rendered":"Risk f\u00f6r \u00f6versv\u00e4mningar av kravis i m\u00e5nga vattendrag i v\u00e4stra Finland"},"content":{"rendered":"<div>\n<div>\n<blockquote>\n<p class=\"MsoQuote\">Kuokkalankoski i Lemp\u00e4\u00e4l\u00e4 har den mest utmanande kravissituationen p\u00e5 25 \u00e5r. \u00c4ven p\u00e5 andra h\u00e5ll kan isbildning orsaka problem under de n\u00e4rmaste dagarna. I Kumo \u00e4lv har d\u00e4remot isl\u00e4ggningen lyckats.<\/p>\n<\/blockquote>\n<p class=\"MsoNormal\">I v\u00e4stra Finland har det kalla v\u00e4dret och den h\u00e5rda vinden vid \u00e5rsskiftet orsakat skadlig ansamling av iss\u00f6rja i forsar. Detta har p\u00e5 vissa st\u00e4llen lett till stigande vattenniv\u00e5er \u00e4ven om vattenf\u00f6ringen inte \u00e4r exceptionellt stor. Vattenniv\u00e5erna kan forts\u00e4tta stiga eftersom v\u00e4dret inte ser ut att bli mildare under de n\u00e4rmaste dagarna.<\/p>\n<h3><strong>Den mest utmanande issituationen i Lemp\u00e4\u00e4l\u00e4<\/strong><\/h3>\n<p class=\"MsoNormal\">Ansamlingen av iss\u00f6rja och kravis har s\u00e4rskilt drabbat Lemp\u00e4\u00e4l\u00e4, d\u00e4r vattenniv\u00e5erna vid Kuokkalankoski har stigit avsev\u00e4rt. Den ovanligt sv\u00e5ra situationen beror sannolikt p\u00e5 det bl\u00e5siga och kalla v\u00e4dret i slutet av \u00e5ret, vilket f\u00f6rdr\u00f6jde tillfrysningen i sj\u00f6n V\u00e5n\u00e5. D\u00e4rmed hann mycket drivande iss\u00f6rja bildas, som har f\u00f6ljt med det str\u00f6mmande vattnet till Lemp\u00e4\u00e4l\u00e4 och fastnat vid dammkonstruktioner och bottnen i Kuokkalankoski. Vattenst\u00e5ndet i omr\u00e5det har stigit till niv\u00e5er som motsvarar v\u00e5rfl\u00f6den och \u00f6versv\u00e4mningen \u00e4r lika utmanande som i januari \u00e5r 2000, d\u00e5 en motsvarande situation senast intr\u00e4ffade i Lemp\u00e4\u00e4l\u00e4.<\/p>\n<p class=\"MsoNormal\">\u2013 \u00c4ven om vattenniv\u00e5n steg snabbt vid \u00e5rsskiftet, undviks sannolikt skador p\u00e5 byggnader, s\u00e4ger vattenhush\u00e5llningsexpert <strong>Niko Nurhonen<\/strong>.<\/p>\n<p class=\"MsoNormal\">Skador kan dock uppst\u00e5 p\u00e5 bryggor och b\u00e5tar som ligger i isen.<\/p>\n<h3><strong>Lugnt i Kumo \u00e4lv<\/strong><\/h3>\n<p class=\"MsoNormal\">I Kumo \u00e4lv har man minskat fl\u00f6det i \u00e4lven s\u00e5 att ett ist\u00e4cke kan bildas. Ist\u00e4cket skyddar det underliggande vattnet fr\u00e5n nedkylning och minskar m\u00e4ngden iss\u00f6rja i vattnet. D\u00e4rmed minskar risken f\u00f6r kravisproppar.<\/p>\n<h3><strong>Avvaktande l\u00e4ge p\u00e5 andra h\u00e5ll<\/strong><\/h3>\n<p class=\"MsoNormal\">\u00c4ven om situationen \u00e4r mest utmanande i Lemp\u00e4\u00e4l\u00e4, har iss\u00f6rja och kravis som h\u00f6jer vattenniv\u00e5erna ocks\u00e5 samlats i andra \u00e4lvar och \u00e5ar, som till exempel i Kauvatsanjoki och Sastmola \u00e5 i Satakunta.<\/p>\n<p class=\"MsoNormal\">Inte heller l\u00e4ngre norrut, till exempel i Lappo \u00e5 och Esse \u00e5, har inte n\u00e5gra skador rapporterats hittills. Kravis har dock redan bildats i viss m\u00e5n och vattenf\u00f6ringen \u00e4r fortfarande relativt h\u00f6g f\u00f6r \u00e5rstiden. De kommande kalla dagarna och de ovanligt h\u00f6ga fl\u00f6dena \u00f6kar risken f\u00f6r bildning av kravis \u00e4ven i vattendrag i landskapen S\u00f6dra \u00d6sterbotten, Mellersta \u00d6sterbotten och \u00d6sterbotten.<\/p>\n<h3><strong>V\u00e4dret under de kommande dagarna kan orsaka utmaningar vid \u00e4lvstr\u00e4nderna<\/strong><\/h3>\n<p class=\"MsoNormal\">Det bl\u00e5siga och kalla v\u00e4dret v\u00e4ntas forts\u00e4tta \u00e5tminstone till veckoslutet. I \u00e5ar och \u00e4lvar kan detta inneb\u00e4ra fortsatt stigande vattenniv\u00e5er n\u00e4r ansamlingen av iss\u00f6rja forts\u00e4tter. Det \u00e4r ocks\u00e5 m\u00f6jligt att iss\u00f6rja orsakar problem p\u00e5 platser d\u00e4r vinter\u00f6versv\u00e4mningar normalt inte f\u00f6rekommer.<\/p>\n<p class=\"MsoNormal\">\u2013 Till exempel i trakterna kring Parkano och Kihni\u00f6 kan vattenniv\u00e5n stiga, f\u00f6rklarar Niko Nurhonen.<\/p>\n<p class=\"MsoNormal\">Livskraftcentralen i Sydv\u00e4stra Finland uppmanar \u00e4gare att beakta eventuella risker f\u00f6r egendom samt att p\u00e5 v\u00e5ren kontrollera om isar har orsakat skador p\u00e5 bryggor och b\u00e5tar vid str\u00e4nder, innan de anv\u00e4nds.<\/p>\n<p class=\"MsoNormal\">Om det uppst\u00e5r akut fara f\u00f6r fastigheten ska man kontakta r\u00e4ddningsverket.<\/p>\n<h3><strong>F\u00f6rvaltningsreformen medf\u00f6r f\u00f6r\u00e4ndringar i myndighetsuppgifter f\u00f6r vattenhush\u00e5llning i v\u00e4stra Finland vid \u00e5rsskiftet<\/strong><\/h3>\n<p class=\"MsoNormal\">NTM-centralernas verksamhet upph\u00f6rde 31.12.2025 som en del av statens f\u00f6rvaltningsreform. Utifr\u00e5n NTM-centralerna i Satakunta och Egentliga Finland har en ny Livskraftcentral f\u00f6r Sydv\u00e4stra Finland grundats, som inledde sin verksamhet 1.1.2026. Livskraftcentralen sk\u00f6ter st\u00f6rsta delen av de tidigare uppgifterna fr\u00e5n NTM-centralerna i Satakunta och Egentliga Finland.<\/p>\n<p class=\"MsoNormal\">Livskraftcentralens vattenhush\u00e5llningsavdelning best\u00e5r av myndigheter som tidigare sk\u00f6tte vattenhush\u00e5llningsuppgifter vid NTM-centralerna i Egentliga Finland, Birkaland, Tavastland (Egentliga Tavastland) och S\u00f6dra \u00d6sterbotten. Avdelningen har tre enheter: en sydlig och en nordlig vattendragsenhet samt en enhet f\u00f6r nationella uppgifter inom hydrologi och vattenbyggnad. Den s\u00f6dra enheten verkar i landskapen Egentliga Finland, Satakunta, Birkaland och Egentliga Tavastland och den norra enheten i S\u00f6dra \u00d6sterbotten, \u00d6sterbotten och Mellersta \u00d6sterbotten.<\/p>\n<h4 class=\"MsoNormal\"><strong>Mer<\/strong> information:<\/h4>\n<p class=\"MsoNormal\"><a href=\"https:\/\/www.vesi.fi\/sv\/sanasto\/kravis-2\/\">Kravis och \u00f6versv\u00e4mningar orsakade av kravis (vesi.fi)<\/a><\/p>\n<p class=\"MsoNormal\"><b>Livskraftcentralen i Sydv\u00e4stra Finland:<\/b><\/p>\n<p class=\"MsoNormal\">Enhetschef, S\u00f6dra vattendragsenheten <strong>Juha-Pekka Triipponen<\/strong>, tfn 0295 022\u00a0953<br \/>\nVattenhush\u00e5llningsexpert <strong>Niko Nurhonen<\/strong>, tfn 0295 036 103 (Birkaland)<br \/>\nVattenhush\u00e5llningsexpert <strong>Jukka Sainio<\/strong>, tfn 0295 025 064 (Egentliga Tavastland)<br \/>\nVattenhush\u00e5llningsexpert <strong>Marko Aalto<\/strong>, tfn 0295 027 971 (S\u00f6dra \u00d6sterbotten, \u00d6sterbotten och Mellersta \u00d6sterbotten)<\/p>\n<p class=\"MsoNormal\"><b>SYKE (Finlands milj\u00f6central) \/ \u00d6versv\u00e4mningscentralen:<\/b> forskare <strong>Harri Myllyniemi<\/strong>, tfn 0295 251\u00a0439<\/p>\n<p class=\"MsoNormal\">Bild: Stockfoto. \u00a9Livskraftscentralen i Sydv\u00e4stra Finland<\/p>\n<\/div>\n<\/div>\n","protected":false},"excerpt":{"rendered":"<p>Kuokkalankoski i Lemp\u00e4\u00e4l\u00e4 har den mest utmanande kravissituationen p\u00e5 25 \u00e5r. \u00c4ven p\u00e5 andra h\u00e5ll kan isbildning orsaka problem under de n\u00e4rmaste dagarna. I Kumo \u00e4lv har d\u00e4remot isl\u00e4ggningen lyckats. I v\u00e4stra Finland har det kalla v\u00e4dret och den h\u00e5rda vinden vid \u00e5rsskiftet orsakat skadlig ansamling av iss\u00f6rja i forsar. Detta har p\u00e5 vissa st\u00e4llen [&hellip;]<\/p>\n","protected":false},"author":32,"featured_media":38167,"comment_status":"closed","ping_status":"closed","sticky":false,"template":"","format":"standard","meta":{"_acf_changed":false,"footnotes":""},"categories":[43],"tags":[],"class_list":["post-38166","post","type-post","status-publish","format-standard","has-post-thumbnail","hentry","category-nytt"],"acf":[],"aioseo_notices":[],"_links":{"self":[{"href":"https:\/\/www.vesi.fi\/sv\/wp-json\/wp\/v2\/posts\/38166","targetHints":{"allow":["GET"]}}],"collection":[{"href":"https:\/\/www.vesi.fi\/sv\/wp-json\/wp\/v2\/posts"}],"about":[{"href":"https:\/\/www.vesi.fi\/sv\/wp-json\/wp\/v2\/types\/post"}],"author":[{"embeddable":true,"href":"https:\/\/www.vesi.fi\/sv\/wp-json\/wp\/v2\/users\/32"}],"replies":[{"embeddable":true,"href":"https:\/\/www.vesi.fi\/sv\/wp-json\/wp\/v2\/comments?post=38166"}],"version-history":[{"count":2,"href":"https:\/\/www.vesi.fi\/sv\/wp-json\/wp\/v2\/posts\/38166\/revisions"}],"predecessor-version":[{"id":38205,"href":"https:\/\/www.vesi.fi\/sv\/wp-json\/wp\/v2\/posts\/38166\/revisions\/38205"}],"wp:featuredmedia":[{"embeddable":true,"href":"https:\/\/www.vesi.fi\/sv\/wp-json\/wp\/v2\/media\/38167"}],"wp:attachment":[{"href":"https:\/\/www.vesi.fi\/sv\/wp-json\/wp\/v2\/media?parent=38166"}],"wp:term":[{"taxonomy":"category","embeddable":true,"href":"https:\/\/www.vesi.fi\/sv\/wp-json\/wp\/v2\/categories?post=38166"},{"taxonomy":"post_tag","embeddable":true,"href":"https:\/\/www.vesi.fi\/sv\/wp-json\/wp\/v2\/tags?post=38166"}],"curies":[{"name":"wp","href":"https:\/\/api.w.org\/{rel}","templated":true}]}}