{"id":37714,"date":"2025-10-13T11:23:24","date_gmt":"2025-10-13T08:23:24","guid":{"rendered":"https:\/\/www.vesi.fi\/sv\/?p=37714"},"modified":"2025-12-22T22:24:05","modified_gmt":"2025-12-22T20:24:05","slug":"vattenoversikt-for-september-2025-vattenforingen-lagre-an-normalt-naringshalterna-hoga-landskapen-i-osterbotten","status":"publish","type":"post","link":"https:\/\/www.vesi.fi\/sv\/vattenoversikt-for-september-2025-vattenforingen-lagre-an-normalt-naringshalterna-hoga-landskapen-i-osterbotten\/","title":{"rendered":"Vatten\u00f6versikt f\u00f6r september 2025: Vattenf\u00f6ringen l\u00e4gre \u00e4n normalt, n\u00e4ringshalterna h\u00f6ga (Landskapen i \u00d6sterbotten)"},"content":{"rendered":"<div>\n<div>\n<blockquote>\n<p class=\"MsoQuote\">I september var vattenf\u00f6ringen i vattendragen till stor del forts\u00e4ttningsvis l\u00e4gre \u00e4n genomsnittligt. Under m\u00e5nadens f\u00f6rsta h\u00e4lft konstaterades f\u00f6rh\u00f6jda n\u00e4ringshalter i flera \u00e5ar. M\u00e5naden var varm och det f\u00f6rekom en del bl\u00e5gr\u00f6na alger b\u00e5de i insj\u00f6arna och ute till havs. Grundvattenniv\u00e5erna b\u00f6rjade stiga.<\/p>\n<\/blockquote>\n<h3>Vattenf\u00f6ringen i vattendragen fortfarande l\u00e4gre \u00e4n genomsnittligt<\/h3>\n<p class=\"MsoNormal\">Ocks\u00e5 i september f\u00f6rblev vattenf\u00f6ringen i de \u00f6sterbottniska vattendragen i huvudsak l\u00e4gre \u00e4n genomsnittligt, trots att det i b\u00f6rjan av september regnade mer \u00e4n i augusti. I Lappo \u00e5 vid Keppo m\u00e4tstation l\u00e5g vattenf\u00f6ringen i b\u00f6rjan av september kring cirka 4 m3\/s och i Kyro \u00e4lv vid Skatila m\u00e4tstation p\u00e5 ungef\u00e4r 6 m3\/s. L\u00e4ngs kusten regnade det j\u00e4mnare under augusti och vattenf\u00f6ringen i de sm\u00e5 \u00e5arna var i huvudsak p\u00e5 genomsnittliga niv\u00e5er. I Mellersta \u00d6sterbotten i Perho \u00e5 har vattenf\u00f6ringen i Tunkkari legat p\u00e5 bara cirka 3\u20135 m3\/s under september. Kring mitten av m\u00e5naden regnade det lite mer, men trots det steg inte vattenf\u00f6ringen i Tunkkari. I Kyro \u00e4lv d\u00e4remot steg vattenf\u00f6ringen under en vecka fr\u00e5n ungef\u00e4r 6 m3\/s till 90 m3\/s. I Lappo \u00e5 steg vattenf\u00f6ringen inte lika mycket: i Keppo n\u00e5dde vattenf\u00f6ringen bara cirka 20 m3\/s.<\/p>\n<p class=\"MsoNormal\">I de reglerade sj\u00f6arna var vattenst\u00e5ndet lite l\u00e4gre \u00e4n genomsnittet f\u00f6r tidpunkten. Till exempel i Lappaj\u00e4rvi har vattenst\u00e5ndet sjunkit p\u00e5 grund av den varma sommaren i j\u00e4mn takt till m\u00e5lzonens nedre gr\u00e4ns. P\u00e5 den niv\u00e5n har vattenst\u00e5ndet varit hela september.\u00a0 I Evij\u00e4rvi har vattenst\u00e5ndet varit cirka 10 cm h\u00f6gre \u00e4n under tidigare \u00e5r vid den h\u00e4r tiden, vilket beror p\u00e5 att regleringstillst\u00e5ndet har \u00e4ndrats. Ocks\u00e5 i Alaj\u00e4rvi var vattenst\u00e5ndet l\u00e4gre \u00e4n genomsnittet f\u00f6r m\u00e5nadens b\u00f6rjan. Vattenst\u00e5ndet i Kuortaneenj\u00e4rvi sj\u00f6nk s\u00e5 att det \u00e4r cirka 10 cm l\u00e4gre \u00e4n normalt f\u00f6r tidpunkten. I en del av de konstgjorda sj\u00f6arna i omr\u00e5det har vattenst\u00e5ndet fortsatt sjunka i september, till exempel i Perho \u00e5s avrinningsomr\u00e5de l\u00e5g vattenst\u00e5ndet i alla de konstgjorda sj\u00f6arna ungef\u00e4r 10 cm l\u00e4gre \u00e4n normalt. I den konstgjorda sj\u00f6n Kalaj\u00e4rvi har man lyckats h\u00e5lla vattenst\u00e5ndet inom m\u00e5lniv\u00e5n, vilket \u00e4r cirka 20 cm fr\u00e5n \u00f6vre gr\u00e4nsen ocks\u00e5 i september. I slutet av m\u00e5naden steg vattenst\u00e5ndet i sj\u00f6n ytterligare.<\/p>\n<p class=\"MsoNormal\">Att sommaren har varit torr och regnfattig har synts och syns forts\u00e4ttningsvis i september ocks\u00e5 i de insj\u00f6ar, som inte regleras. Till exempel i Lestij\u00e4rvi har vattenst\u00e5ndet hela sommaren varit cirka 20 cm l\u00e4gre \u00e4n normalt och det steg inte heller under september.<\/p>\n<h3>H\u00f6ga n\u00e4ringshalter i \u00e5arna<\/h3>\n<p class=\"MsoNormal\">F\u00f6rsta h\u00e4lften av september var det t\u00e4mligen torrt, men under andra h\u00e4lften steg vattenf\u00f6ringen i \u00e5arna p\u00e5 grund av nederb\u00f6rden. Detta \u00e5terspeglades ocks\u00e5 i vattenkvaliteten. Att spillvattnen inte just sp\u00e4ddes ut syntes under m\u00e5nadens f\u00f6rsta h\u00e4lft i form av h\u00f6ga n\u00e4ringshalter i flera \u00e5ar. I de st\u00f6rre \u00e5arna observerades de h\u00f6gsta halterna, som tyder p\u00e5 tydligt d\u00e5lig status, i N\u00e4rpes \u00e5. Ocks\u00e5 i Kyro \u00e4lv och i Lappo \u00e5 var halterna mycket h\u00f6ga. De l\u00e4gsta halterna i de st\u00f6rre \u00e5arna observerades i Lappfj\u00e4rds \u00e5 och i Esse \u00e5. Att vattenm\u00e4ngden \u00e4r liten och att \u00e5arna belastas av spillvatten m\u00e4rktes ocks\u00e5 i syresituationen, som i en del \u00e5ar sj\u00f6nk till en relativt l\u00e5g niv\u00e5 i f\u00f6rh\u00e5llande till \u00e5rstiden. Under senare delen av m\u00e5naden steg vattenf\u00f6ringen p\u00e5 grund av regnet, men samtidigt sk\u00f6ljde det ocks\u00e5 ut belastning fr\u00e5n avrinningsomr\u00e5det. Detta m\u00e4rktes s\u00e4rskilt i m\u00e5nga mindre \u00e5ar genom att n\u00e4rings- och sedimenthalterna steg. Inga f\u00f6rsurningsol\u00e4genheter observerades i \u00e5arna i september. I de stora \u00e5arna motsvarade pH-v\u00e4rdet typiska sommarf\u00f6rh\u00e5llanden och varierade mellan 6,8\u20137,4. Tills vidare observerades inte heller n\u00e5gra f\u00f6rsurningsproblem i de mindre \u00e5arna.<\/p>\n<p class=\"MsoNormal\">M\u00e5naden var varm och det f\u00f6rekom en del bl\u00e5gr\u00f6na alger b\u00e5de i insj\u00f6arna och ute till havs. Kortare och l\u00e5ngvarigare f\u00f6rekomster av algblomningar observerades i insj\u00f6arna i Kuortaneenj\u00e4rvi, \u00c4ht\u00e4rinj\u00e4rvi, Alaj\u00e4rvi och Larsmosj\u00f6n. I kustomr\u00e5det observerades bl\u00e5gr\u00f6na alger i Kvarken i Replotfj\u00e4rden i Korsholm och i Malax sk\u00e4rg\u00e5rd samt l\u00e4ngre s\u00f6derut utanf\u00f6r Kask\u00f6.<\/p>\n<h3>Grundvattenniv\u00e5erna stiger<\/h3>\n<p class=\"MsoNormal\">Efter att fr\u00e5n b\u00f6rjan av sommaren har sjunkit, b\u00f6rjade grundvattenniv\u00e5erna \u00e5ter stiga kring medlet av september. De regniga perioderna i september har kompletterat grundvattenreserven speciellt i sm\u00e5 grundvattenf\u00f6rekomster. V\u00e4xtlighetens behov av vatten har minskat med h\u00f6sten och samtidigt har avdunstningen minskat d\u00e5 temperaturen \u00e4r l\u00e4gre. Vid de riksomfattande m\u00e4tstationerna f\u00f6r grundvatten ligger niv\u00e5erna i huvudsak kring genomsnittet f\u00f6r tidpunkten eller n\u00e5got under det.<\/p>\n<h4>Mer information p\u00e5 webben:<\/h4>\n<p class=\"MsoNormal\"><a href=\"https:\/\/www.vesi.fi\/karttapalvelu\/\">Vattenprognoser och varningar p\u00e5 kartan<\/a><\/p>\n<h4>Till\u00e4ggsuppgifter fr\u00e5n NTM-centralen i S\u00f6dra \u00d6sterbotten:<\/h4>\n<p class=\"MsoNormal\">Vattenhush\u00e5llningsexpert Kristiina Kastman, tfn 0295 028 021 (reglering och vattenf\u00f6ring)<\/p>\n<p class=\"MsoNormal\">Specialforskare Anssi Teppo, tfn 0295 027 948 (vattenkvalitet)<\/p>\n<p class=\"MsoNormal\">\u00d6verinspekt\u00f6r Krister Dalhem, tfn 0295 027 671 (grundvattnen)<\/p>\n<\/div>\n<\/div>\n","protected":false},"excerpt":{"rendered":"<p>I september var vattenf\u00f6ringen i vattendragen till stor del forts\u00e4ttningsvis l\u00e4gre \u00e4n genomsnittligt. Under m\u00e5nadens f\u00f6rsta h\u00e4lft konstaterades f\u00f6rh\u00f6jda n\u00e4ringshalter i flera \u00e5ar. M\u00e5naden var varm och det f\u00f6rekom en del bl\u00e5gr\u00f6na alger b\u00e5de i insj\u00f6arna och ute till havs. Grundvattenniv\u00e5erna b\u00f6rjade stiga. Vattenf\u00f6ringen i vattendragen fortfarande l\u00e4gre \u00e4n genomsnittligt Ocks\u00e5 i september f\u00f6rblev vattenf\u00f6ringen [&hellip;]<\/p>\n","protected":false},"author":32,"featured_media":2637,"comment_status":"closed","ping_status":"closed","sticky":false,"template":"","format":"standard","meta":{"_acf_changed":false,"footnotes":""},"categories":[470],"tags":[],"class_list":["post-37714","post","type-post","status-publish","format-standard","has-post-thumbnail","hentry","category-vattensituationen-artiklar"],"acf":[],"aioseo_notices":[],"_links":{"self":[{"href":"https:\/\/www.vesi.fi\/sv\/wp-json\/wp\/v2\/posts\/37714","targetHints":{"allow":["GET"]}}],"collection":[{"href":"https:\/\/www.vesi.fi\/sv\/wp-json\/wp\/v2\/posts"}],"about":[{"href":"https:\/\/www.vesi.fi\/sv\/wp-json\/wp\/v2\/types\/post"}],"author":[{"embeddable":true,"href":"https:\/\/www.vesi.fi\/sv\/wp-json\/wp\/v2\/users\/32"}],"replies":[{"embeddable":true,"href":"https:\/\/www.vesi.fi\/sv\/wp-json\/wp\/v2\/comments?post=37714"}],"version-history":[{"count":1,"href":"https:\/\/www.vesi.fi\/sv\/wp-json\/wp\/v2\/posts\/37714\/revisions"}],"predecessor-version":[{"id":38084,"href":"https:\/\/www.vesi.fi\/sv\/wp-json\/wp\/v2\/posts\/37714\/revisions\/38084"}],"wp:featuredmedia":[{"embeddable":true,"href":"https:\/\/www.vesi.fi\/sv\/wp-json\/wp\/v2\/media\/2637"}],"wp:attachment":[{"href":"https:\/\/www.vesi.fi\/sv\/wp-json\/wp\/v2\/media?parent=37714"}],"wp:term":[{"taxonomy":"category","embeddable":true,"href":"https:\/\/www.vesi.fi\/sv\/wp-json\/wp\/v2\/categories?post=37714"},{"taxonomy":"post_tag","embeddable":true,"href":"https:\/\/www.vesi.fi\/sv\/wp-json\/wp\/v2\/tags?post=37714"}],"curies":[{"name":"wp","href":"https:\/\/api.w.org\/{rel}","templated":true}]}}