{"id":36581,"date":"2025-04-09T11:43:21","date_gmt":"2025-04-09T08:43:21","guid":{"rendered":"https:\/\/www.vesi.fi\/sv\/?p=36581"},"modified":"2025-04-09T12:27:18","modified_gmt":"2025-04-09T09:27:18","slug":"nytt-material-om-placering-av-vintertida-vaxttacke-testas","status":"publish","type":"post","link":"https:\/\/www.vesi.fi\/sv\/nytt-material-om-placering-av-vintertida-vaxttacke-testas\/","title":{"rendered":"Nytt material om placering av vintertida v\u00e4xtt\u00e4cke testas"},"content":{"rendered":"<div>\n<div>\n<blockquote>\n<p class=\"MsoNormal\">Finlands milj\u00f6central och NTM-centralen i Egentliga Finland producerar inom ramen f\u00f6r Sk\u00e4rg\u00e5rdshavsprogrammet ett nytt material som g\u00e4ller placering av \u00e5tg\u00e4rden vintertida v\u00e4xtt\u00e4cke. Materialet har utarbetats utg\u00e5ende fr\u00e5n de principer f\u00f6r placering av skyddszoner som anv\u00e4nds i Livsmedelsverkets VIPU-tj\u00e4nst.<\/p>\n<\/blockquote>\n<p class=\"MsoNormal\">Med hj\u00e4lp av det nya kartmaterialet vill man styra \u00e5tg\u00e4rden vintertida v\u00e4xtt\u00e4cke, s\u00e5som olika vallar, spannm\u00e5lsstubb och h\u00f6sts\u00e4d, till de omr\u00e5den som \u00e4r viktigast f\u00f6r vattenskyddet. \u00c5tg\u00e4rden v\u00e4xtt\u00e4cke anv\u00e4nds mycket i Sk\u00e4rg\u00e5rdshavets avrinningsomr\u00e5de, men det finns behov av att ytterligare precisera placeringen och v\u00e4xtt\u00e4ckets kvalitet. Med hj\u00e4lp av vintertida v\u00e4xtt\u00e4cke och effektiv styrning av dess placering kan man bland annat f\u00f6rb\u00e4ttra fasth\u00e5llningen av vatten och minska belastningen p\u00e5 vattendrag. Detta \u00e4r s\u00e4rskilt viktigt nu, n\u00e4r f\u00f6rekomsten av kalla vintrar har minskat och vintertida \u00f6versv\u00e4mningar har \u00f6kat.<\/p>\n<p class=\"MsoNormal\">Innan materialet f\u00f6r hela landet utarbetas testas materialet och de kriterier som anv\u00e4nds p\u00e5 de tre huvudsakligaste vattendragsomr\u00e5dena. Testkartorna har uppgjorts f\u00f6r avrinningsomr\u00e5dena till Aura \u00e5, Pemar \u00e5 och Karis \u00e5. Rekommendationen f\u00f6r v\u00e4xtt\u00e4cke har fastst\u00e4llts per jordbruksskifte, d\u00e4r man anv\u00e4nt platsdata som tagits fram av Finlands milj\u00f6central, NTM-centralerna, Naturresurscentralen, Lantm\u00e4teriverket och Livsmedelsverket som k\u00e4llmaterial.<\/p>\n<p class=\"MsoNormal\"><b>P\u00e5 kartutkasten rekommenderas vintertida v\u00e4xtt\u00e4cke, om minst ett av f\u00f6ljande kriterier uppfylls:<\/b><\/p>\n<ul>\n<li>Avst\u00e5ndet mellan jordbruksskiftet och ett vattendrag under 10 m<\/li>\n<li>Avst\u00e5ndet mellan jordbruksskiftet och ett vattendrag vars tillst\u00e5nd \u00e4r s\u00e4mre \u00e4n gitt under 50 m<\/li>\n<li>H\u00f6g erosionspotential p\u00e5 \u00e5kerskiftet (de mest erosionsk\u00e4nsliga 20 % av \u00e5krarna per vattendragsomr\u00e5de)<\/li>\n<li>Avst\u00e5ndet mellan jordbruksskiftet och ett grundvattenomr\u00e5de under 50 m<\/li>\n<li>Avst\u00e5ndet mellan jordbruksskiftet och ett Natura-omr\u00e5de under 50 m<\/li>\n<li>Avst\u00e5ndet mellan jordbruksskiftet och ett \u00f6versv\u00e4mningsk\u00e4nsligt omr\u00e5de under 50 m<\/li>\n<\/ul>\n<p class=\"MsoNormal\"><b>Du kan bekanta dig med testkartorna 1.4. \u2013 15.5.2025:<\/b><br \/>\n<a href=\"https:\/\/wwwi2.ymparisto.fi\/i2\/vessu\/talvikasvipeite\">Talviaikainen kasvipeitteisyys (p\u00e5 finska, vesi.fi)<\/a><\/p>\n<p>Vi ber i f\u00f6rsta hand om respons av jordbrukare och andra akt\u00f6rer inom dessa avrinningsomr\u00e5den. Det viktigaste med tanke p\u00e5 upg\u00f6rande av platsdata \u00e4r att ta st\u00e4llning till hur man med hj\u00e4lp av det anv\u00e4nda materialet har lyckats identifiera de jordbruksskiften som \u00e4r viktigast med tanke p\u00e5 vattenskyddet. I responsen kan man ocks\u00e5 lyfta fram \u00e5krarnas s\u00e4rdrag eller material som b\u00f6r beaktas vid allokeringen. Dessutom kan man lyfta fram exempel p\u00e5 jordbruksskiften som man p\u00e5 basis av lokalk\u00e4nnedom borde prioritera \/ inte borde prioritera f\u00f6r anl\u00e4ggning av vintertida v\u00e4xtt\u00e4cke.\u00a0 Man kan ocks\u00e5 anf\u00f6ra anm\u00e4rkningar p\u00e5 det producerade placeringsmaterialet och det s\u00e4tt kommer att kunna utnyttjas.<\/p>\n<p><b>Responsen kan ges p\u00e5 adressen:<\/b><br \/>\n<a href=\"https:\/\/link.webropolsurveys.com\/S\/A8A0EB131DE2159E\">Responsf\u00f6rfr\u00e5gan om placering av \u00e5tg\u00e4rden vintertida v\u00e4xtt\u00e4cke (webropolsurveys.com)<\/a><\/p>\n<p class=\"MsoNormal\">Det slutliga materialet f\u00f6r hela landet kommer att vara klart f\u00f6re 31.7.2025, varefter det anv\u00e4nds som r\u00e5dgivningsmaterial.<\/p>\n<ul>\n<li><a href=\"https:\/\/wwwi2.ymparisto.fi\/i2\/vessu\/talvikasvipeite\">Testkartor\u00a0(p\u00e5 finska, vesi.fi)<\/a><\/li>\n<li><a href=\"https:\/\/vesi.fi\/aineistopankki\/tietokortti-talviaikainen-kasvipeitteisyys\/\">Bakgrundsinfo: Talviaikainen kasvipeitteisyys (vesi.fi)<\/a><\/li>\n<\/ul>\n<h4 class=\"MsoNormal\">Mer information:<\/h4>\n<p class=\"MsoNormal\"><b>Mikko Jaakkola<\/b>, 0295 022 870,<br \/>\nNTM-centralen i Egentliga Finland<\/p>\n<p class=\"MsoNormal\"><b>Maiju Narikka<\/b>, 0295 251123,<br \/>\nKartans inneh\u00e5ll och placeringskriterier,<br \/>\nFinlands milj\u00f6central<\/p>\n<p>&nbsp;<\/p>\n<p class=\"MsoNormal\">Foto: Sk\u00e4rg\u00e5rdshavsprogrammet<br \/>\nLogot: ELY-keskus, SYKE, Saaristomeri-ohjelma<\/p>\n<\/div>\n<\/div>\n<div><a href=\"https:\/\/www.vesi.fi\/sv\/?attachment_id=36583\"><img decoding=\"async\" src=\"https:\/\/www.vesi.fi\/sv\/wp-content\/uploads\/2025\/04\/logo-ely-sv.jpg\" alt=\"\" \/ class=\"img-responsive img-fluid img-responsive img-fluid\" ><\/a><br \/>\n<a href=\"https:\/\/www.vesi.fi\/sv\/?attachment_id=36584\"><img decoding=\"async\" src=\"https:\/\/www.vesi.fi\/sv\/wp-content\/uploads\/2025\/04\/logo-syke-300-h-100-300x94.jpg\" alt=\"\" \/ class=\"img-responsive img-fluid img-responsive img-fluid\" ><\/a><br \/>\n<a href=\"https:\/\/www.vesi.fi\/sv\/?attachment_id=36585\"><img decoding=\"async\" src=\"https:\/\/www.vesi.fi\/sv\/wp-content\/uploads\/2025\/04\/logo-saaristomeriohjelma-fisv-300x86.jpg\" alt=\"\" \/ class=\"img-responsive img-fluid img-responsive img-fluid\" ><\/a><\/div>\n","protected":false},"excerpt":{"rendered":"<p>Finlands milj\u00f6central och NTM-centralen i Egentliga Finland producerar inom ramen f\u00f6r Sk\u00e4rg\u00e5rdshavsprogrammet ett nytt material som g\u00e4ller placering av \u00e5tg\u00e4rden vintertida v\u00e4xtt\u00e4cke. Materialet har utarbetats utg\u00e5ende fr\u00e5n de principer f\u00f6r placering av skyddszoner som anv\u00e4nds i Livsmedelsverkets VIPU-tj\u00e4nst. Med hj\u00e4lp av det nya kartmaterialet vill man styra \u00e5tg\u00e4rden vintertida v\u00e4xtt\u00e4cke, s\u00e5som olika vallar, spannm\u00e5lsstubb och [&hellip;]<\/p>\n","protected":false},"author":32,"featured_media":36582,"comment_status":"closed","ping_status":"closed","sticky":false,"template":"","format":"standard","meta":{"_acf_changed":false,"footnotes":""},"categories":[43],"tags":[],"class_list":["post-36581","post","type-post","status-publish","format-standard","has-post-thumbnail","hentry","category-nytt"],"acf":[],"aioseo_notices":[],"_links":{"self":[{"href":"https:\/\/www.vesi.fi\/sv\/wp-json\/wp\/v2\/posts\/36581","targetHints":{"allow":["GET"]}}],"collection":[{"href":"https:\/\/www.vesi.fi\/sv\/wp-json\/wp\/v2\/posts"}],"about":[{"href":"https:\/\/www.vesi.fi\/sv\/wp-json\/wp\/v2\/types\/post"}],"author":[{"embeddable":true,"href":"https:\/\/www.vesi.fi\/sv\/wp-json\/wp\/v2\/users\/32"}],"replies":[{"embeddable":true,"href":"https:\/\/www.vesi.fi\/sv\/wp-json\/wp\/v2\/comments?post=36581"}],"version-history":[{"count":1,"href":"https:\/\/www.vesi.fi\/sv\/wp-json\/wp\/v2\/posts\/36581\/revisions"}],"predecessor-version":[{"id":36586,"href":"https:\/\/www.vesi.fi\/sv\/wp-json\/wp\/v2\/posts\/36581\/revisions\/36586"}],"wp:featuredmedia":[{"embeddable":true,"href":"https:\/\/www.vesi.fi\/sv\/wp-json\/wp\/v2\/media\/36582"}],"wp:attachment":[{"href":"https:\/\/www.vesi.fi\/sv\/wp-json\/wp\/v2\/media?parent=36581"}],"wp:term":[{"taxonomy":"category","embeddable":true,"href":"https:\/\/www.vesi.fi\/sv\/wp-json\/wp\/v2\/categories?post=36581"},{"taxonomy":"post_tag","embeddable":true,"href":"https:\/\/www.vesi.fi\/sv\/wp-json\/wp\/v2\/tags?post=36581"}],"curies":[{"name":"wp","href":"https:\/\/api.w.org\/{rel}","templated":true}]}}