{"id":36505,"date":"2025-03-31T10:18:23","date_gmt":"2025-03-31T07:18:23","guid":{"rendered":"https:\/\/www.vesi.fi\/sv\/?p=36505"},"modified":"2025-04-07T15:43:11","modified_gmt":"2025-04-07T12:43:11","slug":"tillsammans-mot-battre-vattenforvaltning-foresla-losningar-och-paverka-skargardshavets-tillstand","status":"publish","type":"post","link":"https:\/\/www.vesi.fi\/sv\/tillsammans-mot-battre-vattenforvaltning-foresla-losningar-och-paverka-skargardshavets-tillstand\/","title":{"rendered":"Tillsammans mot b\u00e4ttre vattenf\u00f6rvaltning &#8211; f\u00f6resl\u00e5 l\u00f6sningar och p\u00e5verka Sk\u00e4rg\u00e5rdshavets tillst\u00e5nd!"},"content":{"rendered":"<div>\n<div>\n<blockquote>\n<p class=\"MsoNormal\">\u00d6versiktsplanerna f\u00f6r att minska n\u00e4rings- och partikelbelastningen i Sk\u00e4rg\u00e5rdshavsprogrammets pilotomr\u00e5den har f\u00e4rdigst\u00e4llts, och arbetet framskrider nu i samarbete med mark\u00e4gare f\u00f6r att genomf\u00f6ra verksamma vattenskydds\u00e5tg\u00e4rder. Planerna utg\u00f6r grunden f\u00f6r \u00e5tg\u00e4rderna, men l\u00f6sningarna utvecklas tillsammans med mark\u00e4garna, med lyh\u00f6rdhet f\u00f6r deras behov och utmaningar. \u00d6versiktsplanerna underl\u00e4ttar prioriteringen och verkst\u00e4llandet av verksamma \u00e5tg\u00e4rder p\u00e5 avrinningsomr\u00e5det och koordineringen av arbetet. och underl\u00e4ttar f\u00f6r olika akt\u00f6rer att delta i arbetet. Ett brett samarbete \u00e4r nyckeln till en f\u00f6rb\u00e4ttrad status f\u00f6r Sk\u00e4rg\u00e5rdshavet, och alla akt\u00f6rer i omr\u00e5det \u00e4r v\u00e4lkomna att delta.<\/p>\n<\/blockquote>\n<p class=\"MsoNormal\">Med Sk\u00e4rg\u00e5rdshavets avrinningsomr\u00e5de menas det geografiska omr\u00e5de fr\u00e5n vilket regnvattnet fr\u00e5n markytan eller efter att ha uppsugits i marken rinner ut i Sk\u00e4rg\u00e5rdshavet. Det avrinnande vattnet f\u00f6r med sig n\u00e4rings\u00e4mnen, vilket \u00e4r orsaken till att det \u00e4r av prim\u00e4r betydelse att genomf\u00f6ra \u00e5tg\u00e4rder som minskar n\u00e4ringsbelastningen, brett inom hela avrinningsomr\u00e5det.<\/p>\n<p class=\"MsoNormal\">\u00d6versiktsplanerna har utarbetats utg\u00e5ende fr\u00e5n kartmaterial, och h\u00e4rr beskrivs bl.a. erosions- eller \u00f6versv\u00e4mningsk\u00e4nsliga omr\u00e5den, k\u00e4llor f\u00f6r n\u00e4ringsbelastning och andra faktorer som p\u00e5verkar belastningen p\u00e5 vattendragen. Ut\u00f6ver \u00f6versiktsplanerna har man p\u00e5 alla pilotomr\u00e5den valt ut mindre delavrinningsomr\u00e5den, f\u00f6r vilka utarbetas mer detaljerade \u00e5tg\u00e4rdsplaner i samarbete med mark\u00e4garna. I de mer detaljerade \u00e5tg\u00e4rdsplanerna f\u00f6resl\u00e5s l\u00e4mpliga platser f\u00f6r t.ex. v\u00e5tmarker, tv\u00e5stegsdiken och andra konstruktioner f\u00f6r naturlig vattenkontroll. \u00d6versiktsplanerna kan l\u00e4sas p\u00e5 hemsidorna f\u00f6r de organisationer som koordinerar pilotomr\u00e5det och p\u00e5 Sk\u00e4rg\u00e5rdshavsprogrammets hemsida.<\/p>\n<p class=\"MsoNormal\">F\u00f6r avrinningsomr\u00e5det till Pemar \u00e5 uppg\u00f6rs mer detaljerade planer f\u00f6r avrinningsomr\u00e5dena till Tarvasjoki och Paimionj\u00e4rvi, p\u00e5 Kimito\u00f6n f\u00f6r Reku\u00e5ns och \u00d6stan\u00e5b\u00e4ckens avrinningsomr\u00e5den och f\u00f6r Aura \u00e5 f\u00f6r avrinningsomr\u00e5dena till Aura\u00e5ns \u00f6vre lopp (Orip\u00e4\u00e4) och Patis \u00e5. P\u00e5 omr\u00e5dena kartl\u00e4ggs olika \u00e5tg\u00e4rder f\u00f6r att kontrollera vattnets str\u00f6mning och avrinningen av n\u00e4rings\u00e4mnen. Om terr\u00e4ngbes\u00f6k i anslutning till planeringen \u00f6verenskoms alltid med mark\u00e4garna. Planerna f\u00f6r avrinningsomr\u00e5dena anv\u00e4nds som verktyg, och de \u00e5tg\u00e4rder som f\u00f6resl\u00e5s i planerna anv\u00e4nds som exempel p\u00e5 eventuella \u00e5tg\u00e4rder som mark\u00e4garna sj\u00e4lva besluter om. M\u00e5let \u00e4r att f\u00e5 fram h\u00e5llbara \u00e5tg\u00e4rder som \u00e4r nyttiga f\u00f6r jordbruket, f\u00f6r att h\u00e5lla kvar n\u00e4rings\u00e4mnena p\u00e5 \u00e5kern och effektivt kontrollera vattnets r\u00f6relse.<\/p>\n<p class=\"MsoNormal\">Mark\u00e4garna \u00e4r de som b\u00e4st k\u00e4nner sin mark, och d\u00e4rf\u00f6r \u00f6nskar pilotomr\u00e5denas koordinat\u00f6rer att mark\u00e4garna f\u00f6resl\u00e5r potentiella platser d\u00e4r olika vattenskyddskonstruktioner b\u00e4st kunde anl\u00e4ggas. Man kan ocks\u00e5 ta kontakt om man t.ex. har \u00e5terkommande problem med \u00f6versv\u00e4mning p\u00e5 \u00e5krarna eller problem med \u00e5kerns vattenhush\u00e5llning, torka eller problem med erosion p\u00e5 \u00e5krar eller i diken. Med hj\u00e4lp av planerna \u00f6ver avrinningsomr\u00e5dena kan man f\u00f6rutom \u00e5tg\u00e4rder f\u00f6r vattenkontroll ocks\u00e5 tillsammans med jordbrukarna fundera p\u00e5, hurdana \u00e5tg\u00e4rder som f\u00f6rutom p\u00e5 \u00e5krarna kunde vidta utanf\u00f6r dem f\u00f6r att f\u00f6rb\u00e4ttra vattenhush\u00e5llningen och markb\u00f6rdigheten. Ocks\u00e5 vattenkontrolls\u00e5tg\u00e4rder som g\u00f6rs utanf\u00f6r jordbruksskiftena, s\u00e5som f\u00f6rb\u00e4ttring av utfallsdiken och v\u00e5tmarker, kan f\u00f6rb\u00e4ttra odlingsjordens vattenhush\u00e5llning och fastl\u00e4ggningen av n\u00e4rings\u00e4mnen f\u00f6r odlingsv\u00e4xterna.<\/p>\n<p class=\"MsoNormal\">Ta g\u00e4rna kontakt med pilotomr\u00e5denas koordinat\u00f6rer<\/p>\n<ul>\n<li>Aura \u00e5-stiftelsen Jussi Saari, tfn. 044 901 1265,<\/li>\n<li>F\u00f6reningen f\u00f6r Pemar \u00e5, Eveliina Sulo, tfn. 0400 211\u00a0857,<\/li>\n<li>Kimito\u00f6ns kommun, Sanna Bergstr\u00f6m, tfn. 040350 0783,<\/li>\n<\/ul>\n<h3 class=\"MsoNormal\">Hur kan vi fr\u00e4mja anv\u00e4ndningen av vattendrag och vattendragens tillst\u00e5nd i Sk\u00e4rg\u00e5rdshavets avrinningsomr\u00e5de? Hj\u00e4lp till genom att besvara enk\u00e4ten!<\/h3>\n<p class=\"MsoNormal\">Med hj\u00e4lp av planerna \u00f6ver avrinningsomr\u00e5den vill vi identifiera och f\u00f6rverkliga effektiva metoder f\u00f6r vattenkontroll, men de lokala observationerna och erfarenheterna \u00e4r lika viktiga. D\u00e4rf\u00f6r bjuder vi in alla jordbrukare, skogs\u00e4gare, f\u00f6retag samt fast bosatta och fritidsboende i omr\u00e5det att ber\u00e4tta, var de har observerat utmaningar som g\u00e4ller vattnens tillst\u00e5nd eller anv\u00e4ndning.<\/p>\n<p class=\"MsoNormal\">Du kan delta genom att besvara en enk\u00e4t d\u00e4r vi kartl\u00e4gger s\u00e5v\u00e4l problemst\u00e4llen som omr\u00e5den d\u00e4r vattenskydds\u00e5tg\u00e4rder redan gjorts. P\u00e5 det s\u00e4ttet kan vi tillsammans hitta de st\u00e4llen d\u00e4r man beh\u00f6ver utf\u00f6ra \u00e5tg\u00e4rder f\u00f6r att f\u00f6rb\u00e4ttra vattenkontrollen eller fr\u00e4mja omr\u00e5dets rekreationsbruk.<\/p>\n<p class=\"MsoNormal\"><b>Enk\u00e4ten \u00e4r \u00f6ppen 10.2.\u201330.11.2025<\/b>, och kan besvaras p\u00e5 Sk\u00e4rg\u00e5rdshavsprogrammets hemsida eller direkt via l\u00e4nken nedan\u00a0<a href=\"https:\/\/www.ely-keskus.fi\/documents\/54370442\/0\/Saaristomeri_valuma_alue_Maptionnaire_saate.pdf\/d4fa1801-16a6-018c-638a-95878c7bfb11?t=1739184243842\">Enk\u00e4t om anv\u00e4ndningen av och tillst\u00e5ndet i vattendragen i Sk\u00e4rg\u00e5rdshavets avrinningsomr\u00e5de<\/a><\/p>\n<h4 class=\"MsoNormal\"><b>Ytterligare information om Sk\u00e4rg\u00e5rdshavsprogrammet och planeringen av avrinningsomr\u00e5det<\/b><\/h4>\n<p class=\"MsoNormal\">Essi Hillgren, programchef<br \/>\ntfn. 0295 022 022,<br \/>\nNTM-centralen i Egentliga Finland<\/p>\n<p class=\"MsoNormal\"><a href=\"https:\/\/www.ely-keskus.fi\/web\/sv\/saaristomeri\/\">Sk\u00e4rg\u00e5rdshavet &#8211; Regionalt samarbete f\u00f6r Sk\u00e4rg\u00e5rdshavets b\u00e4sta (ntm-centralen.fi)<\/a><\/p>\n<p class=\"MsoNormal\">Foto: Sk\u00e4rg\u00e5rdshavsprogrammet<\/p>\n<\/div>\n<\/div>\n<div><a href=\"https:\/\/www.vesi.fi\/sv\/?attachment_id=36507\"><img decoding=\"async\" src=\"https:\/\/www.vesi.fi\/sv\/wp-content\/uploads\/2025\/03\/logo-saaristomeriohjelma-fisv-300x86.jpg\" alt=\"\" \/ class=\"img-responsive img-fluid img-responsive img-fluid\" ><\/a><\/div>\n","protected":false},"excerpt":{"rendered":"<p>\u00d6versiktsplanerna f\u00f6r att minska n\u00e4rings- och partikelbelastningen i Sk\u00e4rg\u00e5rdshavsprogrammets pilotomr\u00e5den har f\u00e4rdigst\u00e4llts, och arbetet framskrider nu i samarbete med mark\u00e4gare f\u00f6r att genomf\u00f6ra verksamma vattenskydds\u00e5tg\u00e4rder. Planerna utg\u00f6r grunden f\u00f6r \u00e5tg\u00e4rderna, men l\u00f6sningarna utvecklas tillsammans med mark\u00e4garna, med lyh\u00f6rdhet f\u00f6r deras behov och utmaningar. \u00d6versiktsplanerna underl\u00e4ttar prioriteringen och verkst\u00e4llandet av verksamma \u00e5tg\u00e4rder p\u00e5 avrinningsomr\u00e5det och koordineringen [&hellip;]<\/p>\n","protected":false},"author":32,"featured_media":36562,"comment_status":"closed","ping_status":"closed","sticky":false,"template":"","format":"standard","meta":{"_acf_changed":false,"footnotes":""},"categories":[43],"tags":[],"class_list":["post-36505","post","type-post","status-publish","format-standard","has-post-thumbnail","hentry","category-nytt"],"acf":[],"aioseo_notices":[],"_links":{"self":[{"href":"https:\/\/www.vesi.fi\/sv\/wp-json\/wp\/v2\/posts\/36505","targetHints":{"allow":["GET"]}}],"collection":[{"href":"https:\/\/www.vesi.fi\/sv\/wp-json\/wp\/v2\/posts"}],"about":[{"href":"https:\/\/www.vesi.fi\/sv\/wp-json\/wp\/v2\/types\/post"}],"author":[{"embeddable":true,"href":"https:\/\/www.vesi.fi\/sv\/wp-json\/wp\/v2\/users\/32"}],"replies":[{"embeddable":true,"href":"https:\/\/www.vesi.fi\/sv\/wp-json\/wp\/v2\/comments?post=36505"}],"version-history":[{"count":2,"href":"https:\/\/www.vesi.fi\/sv\/wp-json\/wp\/v2\/posts\/36505\/revisions"}],"predecessor-version":[{"id":36524,"href":"https:\/\/www.vesi.fi\/sv\/wp-json\/wp\/v2\/posts\/36505\/revisions\/36524"}],"wp:featuredmedia":[{"embeddable":true,"href":"https:\/\/www.vesi.fi\/sv\/wp-json\/wp\/v2\/media\/36562"}],"wp:attachment":[{"href":"https:\/\/www.vesi.fi\/sv\/wp-json\/wp\/v2\/media?parent=36505"}],"wp:term":[{"taxonomy":"category","embeddable":true,"href":"https:\/\/www.vesi.fi\/sv\/wp-json\/wp\/v2\/categories?post=36505"},{"taxonomy":"post_tag","embeddable":true,"href":"https:\/\/www.vesi.fi\/sv\/wp-json\/wp\/v2\/tags?post=36505"}],"curies":[{"name":"wp","href":"https:\/\/api.w.org\/{rel}","templated":true}]}}