{"id":35978,"date":"2024-12-20T15:23:43","date_gmt":"2024-12-20T13:23:43","guid":{"rendered":"https:\/\/www.vesi.fi\/sv\/?p=35978"},"modified":"2024-12-20T16:03:57","modified_gmt":"2024-12-20T14:03:57","slug":"fyra-omraden-med-betydande-oversvamningsrisk-har-angetts-i-de-osterbottniska-landskapen-landskapen-i-osterbotten","status":"publish","type":"post","link":"https:\/\/www.vesi.fi\/sv\/fyra-omraden-med-betydande-oversvamningsrisk-har-angetts-i-de-osterbottniska-landskapen-landskapen-i-osterbotten\/","title":{"rendered":"Fyra omr\u00e5den med betydande \u00f6versv\u00e4mningsrisk har angetts i de \u00f6sterbottniska landskapen (Landskapen i \u00d6sterbotten)"},"content":{"rendered":"<div>\n<div>\n<p class=\"MsoNormal\">Jord- och skogsbruksministeriet har 19.12.2024 angett 18 omr\u00e5den med betydande \u00f6versv\u00e4mningsrisk l\u00e4ngs vattendrag och havskusten i Finland f\u00f6r \u00e5ren 2025\u20132030. Fyra av dessa finns i de \u00f6sterbottniska landskapen: Ilmajoki\u2013Sein\u00e4joki och Ylistaro\u2013Kvevlax (Kyro \u00e4lv), Laihela\u2013Toby\u2013Runsor (Toby-Laihela \u00e5) och Lappfj\u00e4rd (Lappfj\u00e4rds \u00e5).<\/p>\n<p class=\"MsoNormal\">En \u00e4ndring i j\u00e4mf\u00f6relse med f\u00f6reg\u00e5ende period (2019\u20132024) \u00e4r att Lappo (Lappo \u00e5) inte l\u00e4ngre anges som ett omr\u00e5de med betydande \u00f6versv\u00e4mningsrisk, utan det anges som omr\u00e5de med annan \u00f6versv\u00e4mningsrisk. P\u00e5 basis av det nya kunskapsunderlaget uppfyllde Lappo inte l\u00e4ngre kriterierna f\u00f6r ett omr\u00e5de med betydande \u00f6versv\u00e4mningsrisk. Bland annat \u00e4r enligt de nya uppgifterna antalet byggnader med \u00f6versv\u00e4mningsrisk i omr\u00e5det avsev\u00e4rt f\u00e4rre \u00e4n man tidigare bed\u00f6mt. Mer information om \u00f6versv\u00e4mningsriskerna i v\u00e5ra vattendrag finns p\u00e5 webbtj\u00e4nsten vatten.fi p\u00e5 de regionala sidorna \u00d6versv\u00e4mningar i landskapen i \u00d6sterbotten under rubriken Prelimin\u00e4ra bed\u00f6mningar av \u00f6versv\u00e4mningsriskerna (bakgrundsdokument f\u00f6r samr\u00e5det):<\/p>\n<p class=\"MsoNormal\"><a href=\"https:\/\/www.vesi.fi\/sv\/oversvamningar-i-landskapen-i-osterbotten\/\">\u00d6versv\u00e4mningar i landskapen i \u00d6sterbotten &gt; Prelimin\u00e4ra bed\u00f6mningar av \u00f6versv\u00e4mningsriskerna (bakgrundsdokument f\u00f6r samr\u00e5det) (vatten.fi)<\/a><\/p>\n<p class=\"MsoNormal\">Omr\u00e5dena med betydande \u00f6versv\u00e4mningsrisk anges som en del av planeringen av hanteringen av \u00f6versv\u00e4mningsrisker. NTM-centralerna g\u00f6r en bed\u00f6mning av \u00f6versv\u00e4mningsriskerna i sitt omr\u00e5de med sex \u00e5rs mellanrum. F\u00f6rsta g\u00e5ngen bed\u00f6mdes och angavs omr\u00e5den med betydande \u00f6versv\u00e4mningsrisk \u00e5r 2011 och den andra omg\u00e5ngen genomf\u00f6rdes \u00e5r 2018. Samr\u00e5det om bed\u00f6mningarna som g\u00e4ller den tredje planeringsperioden f\u00f6r omr\u00e5den med betydande \u00f6versv\u00e4mningsrisk genomf\u00f6rdes p\u00e5 v\u00e5ren 2024. P\u00e5 basis av responsen under samr\u00e5det framkom det inte behov av f\u00f6r\u00e4ndringar i det ursprungliga f\u00f6rslaget till omr\u00e5den med betydande \u00f6versv\u00e4mningsrisk. Responsen som l\u00e4mnats in under samr\u00e5det och NTM-centralens bem\u00f6tanden finns att l\u00e4sa p\u00e5 webbtj\u00e4nsten vatten.fi p\u00e5 de regionala sidorna \u00d6versv\u00e4mningar i landskapen i \u00d6sterbotten under rubriken H\u00f6rande om den prelimin\u00e4ra bed\u00f6mningen av \u00f6versv\u00e4mningsriskerna:<\/p>\n<p class=\"MsoNormal\"><a href=\"https:\/\/www.vesi.fi\/sv\/oversvamningar-i-landskapen-i-osterbotten\/\">\u00d6versv\u00e4mningar i landskapen i \u00d6sterbotten &gt; H\u00f6rande om den prelimin\u00e4ra bed\u00f6mningen av \u00f6versv\u00e4mningsriskerna (vatten.fi)<\/a><\/p>\n<p class=\"MsoNormal\">Vid bed\u00f6mningen av hur betydande \u00f6versv\u00e4mningsrisken \u00e4r har man beaktat sannolikheten f\u00f6r \u00f6versv\u00e4mningar, \u00f6versv\u00e4mningar som intr\u00e4ffat tidigare och eventuella skador som orsakats. Vid bed\u00f6mningen av skador beaktas m\u00e4nniskors h\u00e4lsa och s\u00e4kerhet, n\u00f6dv\u00e4ndighetstj\u00e4nster som vattentj\u00e4nster och trafikf\u00f6rbindelser, ekonomisk verksamhet som \u00e4r vital f\u00f6r samh\u00e4llets funktioner, milj\u00f6n och kulturarvet.<\/p>\n<p class=\"MsoNormal\">Jord- och skogsbruksministeriet har tillsatt \u00f6versv\u00e4mningsgrupper f\u00f6r de vattendrag och kustomr\u00e5den d\u00e4r det finns omr\u00e5den med betydande \u00f6versv\u00e4mningsrisk. \u00d6versv\u00e4mningsgruppernas uppgift \u00e4r att uppdatera m\u00e5len och planerna f\u00f6r hanteringen av \u00f6versv\u00e4mningsrisker i avrinningsomr\u00e5dena samt att f\u00f6lja upp hur m\u00e5len n\u00e5s. M\u00e5ls\u00e4ttningen \u00e4r att man med hj\u00e4lp av \u00e5tg\u00e4rderna som f\u00f6resl\u00e5s i hanteringsplanerna f\u00e5r kontroll \u00f6ver \u00f6versv\u00e4mningsriskerna och p\u00e5 det s\u00e4ttet skulle omr\u00e5det inte l\u00e4ngre ing\u00e5 i omr\u00e5dena med betydande \u00f6versv\u00e4mningsrisk. De nya \u00f6versv\u00e4mningsgrupperna inleder sin verksamhet i b\u00f6rjan av \u00e5r 2025.<\/p>\n<p class=\"MsoNormal\">Till\u00e4ggsuppgifter fr\u00e5n NTM-centralen i S\u00f6dra \u00d6sterbotten:<\/p>\n<p class=\"MsoNormal\">Vattenhush\u00e5llningsexpert Erika Saarenp\u00e4\u00e4, tfn 0295 028 027<\/p>\n<p class=\"MsoNormal\">Gruppchef Sari Yli-Mannila, tfn 0295 027\u00a0962<\/p>\n<p class=\"MsoNormal\">E-postadresserna bildas enligt modellen <a href=\"mailto:fornamn.efternamn@ely-keskus.fi\">fornamn.efternamn@ely-keskus.fi<\/a><\/p>\n<p class=\"MsoNormal\">ALT: Vattnet har \u00f6versv\u00e4mmat en \u00e5ker och en v\u00e4g i Lappfj\u00e4rd.<\/p>\n<\/div>\n<\/div>\n","protected":false},"excerpt":{"rendered":"<p>Jord- och skogsbruksministeriet har 19.12.2024 angett 18 omr\u00e5den med betydande \u00f6versv\u00e4mningsrisk l\u00e4ngs vattendrag och havskusten i Finland f\u00f6r \u00e5ren 2025\u20132030. Fyra av dessa finns i de \u00f6sterbottniska landskapen: Ilmajoki\u2013Sein\u00e4joki och Ylistaro\u2013Kvevlax (Kyro \u00e4lv), Laihela\u2013Toby\u2013Runsor (Toby-Laihela \u00e5) och Lappfj\u00e4rd (Lappfj\u00e4rds \u00e5). En \u00e4ndring i j\u00e4mf\u00f6relse med f\u00f6reg\u00e5ende period (2019\u20132024) \u00e4r att Lappo (Lappo \u00e5) inte l\u00e4ngre [&hellip;]<\/p>\n","protected":false},"author":32,"featured_media":35979,"comment_status":"closed","ping_status":"closed","sticky":false,"template":"","format":"standard","meta":{"_acf_changed":false,"footnotes":""},"categories":[43],"tags":[],"class_list":["post-35978","post","type-post","status-publish","format-standard","has-post-thumbnail","hentry","category-nytt"],"acf":[],"aioseo_notices":[],"_links":{"self":[{"href":"https:\/\/www.vesi.fi\/sv\/wp-json\/wp\/v2\/posts\/35978","targetHints":{"allow":["GET"]}}],"collection":[{"href":"https:\/\/www.vesi.fi\/sv\/wp-json\/wp\/v2\/posts"}],"about":[{"href":"https:\/\/www.vesi.fi\/sv\/wp-json\/wp\/v2\/types\/post"}],"author":[{"embeddable":true,"href":"https:\/\/www.vesi.fi\/sv\/wp-json\/wp\/v2\/users\/32"}],"replies":[{"embeddable":true,"href":"https:\/\/www.vesi.fi\/sv\/wp-json\/wp\/v2\/comments?post=35978"}],"version-history":[{"count":1,"href":"https:\/\/www.vesi.fi\/sv\/wp-json\/wp\/v2\/posts\/35978\/revisions"}],"predecessor-version":[{"id":35987,"href":"https:\/\/www.vesi.fi\/sv\/wp-json\/wp\/v2\/posts\/35978\/revisions\/35987"}],"wp:featuredmedia":[{"embeddable":true,"href":"https:\/\/www.vesi.fi\/sv\/wp-json\/wp\/v2\/media\/35979"}],"wp:attachment":[{"href":"https:\/\/www.vesi.fi\/sv\/wp-json\/wp\/v2\/media?parent=35978"}],"wp:term":[{"taxonomy":"category","embeddable":true,"href":"https:\/\/www.vesi.fi\/sv\/wp-json\/wp\/v2\/categories?post=35978"},{"taxonomy":"post_tag","embeddable":true,"href":"https:\/\/www.vesi.fi\/sv\/wp-json\/wp\/v2\/tags?post=35978"}],"curies":[{"name":"wp","href":"https:\/\/api.w.org\/{rel}","templated":true}]}}