{"id":35220,"date":"2024-09-03T07:54:00","date_gmt":"2024-09-03T04:54:00","guid":{"rendered":"https:\/\/www.vesi.fi\/sv\/?p=35220"},"modified":"2024-09-03T10:32:29","modified_gmt":"2024-09-03T07:32:29","slug":"meddelande-om-samradsrespons-som-galler-de-centrala-fragorna-inom-vattenvarden-och-respons-fran-samradet-om-oversvamningsrisker-landskapen-i-osterbotten","status":"publish","type":"post","link":"https:\/\/www.vesi.fi\/sv\/meddelande-om-samradsrespons-som-galler-de-centrala-fragorna-inom-vattenvarden-och-respons-fran-samradet-om-oversvamningsrisker-landskapen-i-osterbotten\/","title":{"rendered":"Meddelande om samr\u00e5dsrespons som g\u00e4ller de centrala fr\u00e5gorna inom vattenv\u00e5rden och respons fr\u00e5n samr\u00e5det om \u00f6versv\u00e4mningsrisker (landskapen i \u00d6sterbotten)"},"content":{"rendered":"<div>\n<div>\n<p class=\"MsoQuote\">Samr\u00e5d ordnades 15.12.2023\u201317.6.2024 om de centrala fr\u00e5gorna och arbetsprogrammet f\u00f6r vattenv\u00e5rden i Kumo \u00e4lvs-Sk\u00e4rg\u00e5rdshavets-Bottenhavets vattenf\u00f6rvaltningsomr\u00e5de 2028\u20132033. Samtidigt ordnades ocks\u00e5 samr\u00e5d om den prelimin\u00e4ra bed\u00f6mningen av \u00f6versv\u00e4mningsrisker och \u00f6versyn av utn\u00e4mningen av omr\u00e5den med betydande \u00f6versv\u00e4mningsrisk i \u00d6sterbotten, S\u00f6dra \u00d6sterbotten och Mellersta \u00d6sterbotten.<\/p>\n<h3>Samr\u00e5d om de centrala fr\u00e5gorna och arbetsprogrammet f\u00f6r vattenv\u00e5rden i Kumo \u00e4lvs-Sk\u00e4rg\u00e5rdshavets-Bottenhavets vattenf\u00f6rvaltningsomr\u00e5de 2028\u20132033<\/h3>\n<p class=\"MsoNormal\">De centrala fr\u00e5gorna inom vattenv\u00e5rden g\u00e4llde fr\u00e5gor som man har f\u00f6r avsikt att f\u00e4sta s\u00e4rskild uppm\u00e4rksamhet p\u00e5 inom vattenv\u00e5rden under den f\u00f6ljande vattenv\u00e5rdsperioden i syfte att uppn\u00e5 god vattenstatus. Syftet med samr\u00e5det var att n\u00e5 intressegrupperna f\u00f6r att ut\u00f6ver myndigheterna \u00e4ven medborgare, medborgarorganisationer, kommuner, akt\u00f6rer och andra parter ska kunna framf\u00f6ra sin \u00e5sikt och sakkunskap f\u00f6r vattenv\u00e5rdens b\u00e4sta.<\/p>\n<p class=\"MsoNormal\">Sammanlagt 86 utl\u00e5tanden l\u00e4mnades in i detta vattenf\u00f6rvaltningsomr\u00e5de. NTM-centralen i S\u00f6dra \u00d6sterbotten tackar f\u00f6r responsen. Med hj\u00e4lp av samarbete kan m\u00e5nga problem f\u00f6rebyggas och r\u00e4ttas till.\u00a0 Responsen utnyttjas i det f\u00f6ljande skedet av vattenv\u00e5rdsplaneringen n\u00e4r vattenf\u00f6rvaltningsplanen utarbetas.<\/p>\n<h3>Samr\u00e5d om den prelimin\u00e4ra bed\u00f6mningen av \u00f6versv\u00e4mningsrisker och \u00f6versyn av utn\u00e4mningen av omr\u00e5den med betydande \u00f6versv\u00e4mningsrisk i de \u00f6sterbottniska landskapen<\/h3>\n<p class=\"MsoNormal\">I den prelimin\u00e4ra bed\u00f6mningen av \u00f6versv\u00e4mningsrisker i de \u00f6sterbottniska landskapen har betydande \u00f6versv\u00e4mningsomr\u00e5den och andra riskomr\u00e5den f\u00f6reslagits och utn\u00e4mnts. Sammanlagt 14 gensvar har l\u00e4mnats in. All respons har beaktats och p\u00e5 basis av detta beh\u00f6ver omr\u00e5dena med \u00f6versv\u00e4mningsrisk inte \u00e4ndras.<\/p>\n<h3>Mer information fr\u00e5n NTM-centralen i S\u00f6dra \u00d6sterbotten:<\/h3>\n<p class=\"MsoNormal\">Vattenhush\u00e5llningsexpert<br \/>\nHeta Latvala, tfn. 0295 027 860<\/p>\n<p>&nbsp;<\/p>\n<p class=\"MsoNormal\">Bild: \u00a9 NTM-centralen i S\u00f6dra \u00d6sterbotten<\/p>\n<\/div>\n<\/div>\n","protected":false},"excerpt":{"rendered":"<p>Samr\u00e5d ordnades 15.12.2023\u201317.6.2024 om de centrala fr\u00e5gorna och arbetsprogrammet f\u00f6r vattenv\u00e5rden i Kumo \u00e4lvs-Sk\u00e4rg\u00e5rdshavets-Bottenhavets vattenf\u00f6rvaltningsomr\u00e5de 2028\u20132033. Samtidigt ordnades ocks\u00e5 samr\u00e5d om den prelimin\u00e4ra bed\u00f6mningen av \u00f6versv\u00e4mningsrisker och \u00f6versyn av utn\u00e4mningen av omr\u00e5den med betydande \u00f6versv\u00e4mningsrisk i \u00d6sterbotten, S\u00f6dra \u00d6sterbotten och Mellersta \u00d6sterbotten. Samr\u00e5d om de centrala fr\u00e5gorna och arbetsprogrammet f\u00f6r vattenv\u00e5rden i Kumo \u00e4lvs-Sk\u00e4rg\u00e5rdshavets-Bottenhavets vattenf\u00f6rvaltningsomr\u00e5de [&hellip;]<\/p>\n","protected":false},"author":32,"featured_media":35221,"comment_status":"closed","ping_status":"closed","sticky":false,"template":"","format":"standard","meta":{"_acf_changed":false,"footnotes":""},"categories":[43],"tags":[],"class_list":["post-35220","post","type-post","status-publish","format-standard","has-post-thumbnail","hentry","category-nytt"],"acf":[],"aioseo_notices":[],"_links":{"self":[{"href":"https:\/\/www.vesi.fi\/sv\/wp-json\/wp\/v2\/posts\/35220","targetHints":{"allow":["GET"]}}],"collection":[{"href":"https:\/\/www.vesi.fi\/sv\/wp-json\/wp\/v2\/posts"}],"about":[{"href":"https:\/\/www.vesi.fi\/sv\/wp-json\/wp\/v2\/types\/post"}],"author":[{"embeddable":true,"href":"https:\/\/www.vesi.fi\/sv\/wp-json\/wp\/v2\/users\/32"}],"replies":[{"embeddable":true,"href":"https:\/\/www.vesi.fi\/sv\/wp-json\/wp\/v2\/comments?post=35220"}],"version-history":[{"count":1,"href":"https:\/\/www.vesi.fi\/sv\/wp-json\/wp\/v2\/posts\/35220\/revisions"}],"predecessor-version":[{"id":35229,"href":"https:\/\/www.vesi.fi\/sv\/wp-json\/wp\/v2\/posts\/35220\/revisions\/35229"}],"wp:featuredmedia":[{"embeddable":true,"href":"https:\/\/www.vesi.fi\/sv\/wp-json\/wp\/v2\/media\/35221"}],"wp:attachment":[{"href":"https:\/\/www.vesi.fi\/sv\/wp-json\/wp\/v2\/media?parent=35220"}],"wp:term":[{"taxonomy":"category","embeddable":true,"href":"https:\/\/www.vesi.fi\/sv\/wp-json\/wp\/v2\/categories?post=35220"},{"taxonomy":"post_tag","embeddable":true,"href":"https:\/\/www.vesi.fi\/sv\/wp-json\/wp\/v2\/tags?post=35220"}],"curies":[{"name":"wp","href":"https:\/\/api.w.org\/{rel}","templated":true}]}}