{"id":35196,"date":"2024-08-29T14:53:29","date_gmt":"2024-08-29T11:53:29","guid":{"rendered":"https:\/\/www.vesi.fi\/sv\/?p=35196"},"modified":"2024-09-03T10:31:37","modified_gmt":"2024-09-03T07:31:37","slug":"under-sommaren-var-alglaget-varierande-pa-grund-av-vaxlande-vaderlek-landskapen-i-osterbotten","status":"publish","type":"post","link":"https:\/\/www.vesi.fi\/sv\/under-sommaren-var-alglaget-varierande-pa-grund-av-vaxlande-vaderlek-landskapen-i-osterbotten\/","title":{"rendered":"Under sommaren var algl\u00e4get varierande p\u00e5 grund av v\u00e4xlande v\u00e4derlek (landskapen i \u00d6sterbotten)"},"content":{"rendered":"<div>\n<div>\n<p class=\"MsoQuote\">NTM-centralen i S\u00f6dra \u00d6sterbottens alguppf\u00f6ljning inleddes i b\u00f6rjan av juni i S\u00f6dra \u00d6sterbotten, \u00d6sterbotten och Mellersta \u00d6sterbotten. I v\u00e5rt omr\u00e5de f\u00f6ljs algl\u00e4get upp varje vecka p\u00e5 fasta kontrollplatser fr\u00e5n juni till september. NTM-centralen i S\u00f6dra \u00d6sterbotten meddelar om situationen p\u00e5 torsdagar \u00e5tminstone till slutet av augusti.<\/p>\n<p class=\"MsoNormal\">P\u00e5 h\u00f6sten informerar vi om bl\u00e5gr\u00f6na alger vid behov. F\u00f6rekomsten av bl\u00e5gr\u00f6na alger bed\u00f6ms med \u00f6gat enligt en skala fr\u00e5n 0 (inga alger) till 3 (mycket rikligt med bl\u00e5gr\u00f6na alger). Uppf\u00f6ljningen genomf\u00f6rs i samarbete med Finlands milj\u00f6central, kommunerna och privatpersoner.<\/p>\n<p class=\"MsoNormal\">Den f\u00f6rsta observationen av bl\u00e5gr\u00f6na alger p\u00e5 de fasta kontrollplatserna i de \u00f6sterbottniska landskapen gjordes i juni vecka 25 i Karper\u00f6fj\u00e4rden i Korsholm. Under den sista veckan i juni gjordes fler observationer och \u00e4ven de f\u00f6rsta rikliga f\u00f6rekomsterna av bl\u00e5gr\u00f6na alger observerades i Alaj\u00e4rvi och Per\u00e4nne i Etseri. Under de f\u00f6rsta veckorna i juli var algl\u00e4get lugnt, endast enskilda sm\u00e5 observationer gjordes i insj\u00f6arna. Under den senare h\u00e4lften av juli \u00f6kade observationerna igen och \u00e4ven i kustomr\u00e5det noterades de f\u00f6rsta observationerna av bl\u00e5gr\u00f6na alger, bland annat i Replotfj\u00e4rden observerades rikligt med alger under vecka 29.<\/p>\n<p class=\"MsoNormal\">I m\u00e5nadsskiftet juli\u2013augusti under vecka 31 antecknades endast en observation om en liten f\u00f6rekomst av bl\u00e5gr\u00f6na alger i Purmosj\u00f6n. Det ostadiga v\u00e4dret i juli d\u00e4mpade rikligare f\u00f6rekomster av bl\u00e5gr\u00f6na algblomningar.<\/p>\n<p class=\"MsoNormal\">B\u00f6rjan av augusti f\u00f6rde med sig sommarens hittills rikligaste bl\u00e5gr\u00f6na algblomningar. Vecka 32 och 33 observerade bl\u00e5gr\u00f6na alger s\u00e5v\u00e4l i insj\u00f6vattnen som i kustomr\u00e5det och rikliga observationer gjordes bland annat i Alaj\u00e4rvi, Kuortaneenj\u00e4rvi och Purmosj\u00f6n. I Evij\u00e4rvi och Esse \u00e5 observerades dessutom en ovanligt kraftig algblomning som f\u00e4rgade vattnet helt och h\u00e5llet gr\u00f6nt. Efter detta minskade observationerna igen och under den sista veckan i augusti har inte en endaste observation av bl\u00e5gr\u00f6na alger i de \u00f6sterbottniska landskapen f\u00f6rts in i J\u00e4rvi-meriwiki. Endast i Esse \u00e5 har observationer av bl\u00e5gr\u00f6na algf\u00f6rekomster gjorts i samband med annan uppf\u00f6ljning.<\/p>\n<p class=\"MsoNormal\">Enligt Finlands milj\u00f6centrals satellitobservationer b\u00f6rjade de bl\u00e5gr\u00f6na algerna \u00f6ka ut p\u00e5 \u00f6ppet hav i Bottenhavet i mitten av juli och toppen n\u00e5ddes i slutet av juli. Det svala och regniga v\u00e4dret i b\u00f6rjan av augusti samt vindarna som blandade upp vattenmassan minskade de bl\u00e5gr\u00f6na algblomningarna ut p\u00e5 \u00f6ppet hav i Bottenhavet. Det bl\u00e5gr\u00f6na algl\u00e4get ut p\u00e5 \u00f6ppet hav kan f\u00f6ljas i Finlands milj\u00f6centrals Tarkka-tj\u00e4nst med hj\u00e4lp av barometrarna f\u00f6r bl\u00e5gr\u00f6na alger som samlats ihop av satellitmaterialet.<\/p>\n<p class=\"MsoNormal\">Observationerna i uppf\u00f6ljningen av bl\u00e5gr\u00f6na alger ger information om l\u00e4get p\u00e5 kontrollplatsen endast vid tidpunkten i fr\u00e5ga och l\u00e4get kan f\u00f6r\u00e4ndras snabbt om v\u00e4derleksf\u00f6rh\u00e5llandena f\u00f6r\u00e4ndras. Bl\u00e5gr\u00f6na alger, dvs. cyanobakterier, f\u00f6rekommer naturligt i vattendragen. N\u00e4r f\u00f6rh\u00e5llandena \u00e4r gynnsamma kan de bl\u00e5gr\u00f6na algerna skapa massf\u00f6rekomster. F\u00f6r att v\u00e4xa till sig beh\u00f6ver bl\u00e5gr\u00f6na alger n\u00e4rings\u00e4mnen och ljus samt v\u00e4rme, som bidrar till att de v\u00e4xer snabbare. Kraftigt regn leder till att n\u00e4rings\u00e4mnen rinner ut i vattendragen, vilket skapar gynnsamma f\u00f6rh\u00e5llanden f\u00f6r att algerna ska v\u00e4xa till sig. Sm\u00e5 m\u00e4ngder bl\u00e5gr\u00f6na alger syns i vattnet som gr\u00f6n- eller gulaktiga gryn och n\u00e4r de driver in till stranden, kan det uppst\u00e5 smala r\u00e4nder av alger i strandvattnet. Om v\u00e4dret \u00e4r bl\u00e5sigt \u00e4r det sv\u00e5rare att se algerna, eftersom vinden l\u00f6ser upp algflaken p\u00e5 vattenytan och bidrar till att de blandas upp i vattenmassan.<\/p>\n<p class=\"MsoNormal\">Innan man tar sig ett dopp eller anv\u00e4nder sj\u00f6- eller havsvatten \u00e4r det sk\u00e4l att granska vattnet med tanke p\u00e5 eventuella bl\u00e5gr\u00f6na alger. Om det syns bl\u00e5gr\u00f6na alger i vattnet \u00e4r det b\u00e4st att undvika att simma och inte anv\u00e4nda vattnet i bastun eller som hush\u00e5llsvatten.<\/p>\n<p class=\"MsoNormal\">Aktuella uppgifter om algl\u00e4get finns i J\u00e4rvi-Meriwiki. Medborgarna kan ocks\u00e5 meddela sina observationer i samma tj\u00e4nst. Med Havaintol\u00e4hetti-appen g\u00e5r det enkelt att spara observationer \u00e4ven med mobiltelefonen. Observationer av bl\u00e5gr\u00f6na alger kan ocks\u00e5 meddelas till NTM-centralen i S\u00f6dra \u00d6sterbottens alguppf\u00f6ljningstelefon p\u00e5 nummer 0295 027\u00a0990.<\/p>\n<h3>Mer information:<\/h3>\n<p class=\"MsoNormal\">Alguppf\u00f6ljningstelefon 0295 027\u202f990<br \/>\nJ\u00e4rvi-meriwiki <a href=\"http:\/\/www.jarviwiki.fi\">www.jarviwiki.fi<\/a><\/p>\n<\/div>\n<\/div>\n","protected":false},"excerpt":{"rendered":"<p>NTM-centralen i S\u00f6dra \u00d6sterbottens alguppf\u00f6ljning inleddes i b\u00f6rjan av juni i S\u00f6dra \u00d6sterbotten, \u00d6sterbotten och Mellersta \u00d6sterbotten. I v\u00e5rt omr\u00e5de f\u00f6ljs algl\u00e4get upp varje vecka p\u00e5 fasta kontrollplatser fr\u00e5n juni till september. NTM-centralen i S\u00f6dra \u00d6sterbotten meddelar om situationen p\u00e5 torsdagar \u00e5tminstone till slutet av augusti. P\u00e5 h\u00f6sten informerar vi om bl\u00e5gr\u00f6na alger vid behov. [&hellip;]<\/p>\n","protected":false},"author":32,"featured_media":35197,"comment_status":"closed","ping_status":"closed","sticky":false,"template":"","format":"standard","meta":{"_acf_changed":false,"footnotes":""},"categories":[43],"tags":[],"class_list":["post-35196","post","type-post","status-publish","format-standard","has-post-thumbnail","hentry","category-nytt"],"acf":[],"aioseo_notices":[],"_links":{"self":[{"href":"https:\/\/www.vesi.fi\/sv\/wp-json\/wp\/v2\/posts\/35196","targetHints":{"allow":["GET"]}}],"collection":[{"href":"https:\/\/www.vesi.fi\/sv\/wp-json\/wp\/v2\/posts"}],"about":[{"href":"https:\/\/www.vesi.fi\/sv\/wp-json\/wp\/v2\/types\/post"}],"author":[{"embeddable":true,"href":"https:\/\/www.vesi.fi\/sv\/wp-json\/wp\/v2\/users\/32"}],"replies":[{"embeddable":true,"href":"https:\/\/www.vesi.fi\/sv\/wp-json\/wp\/v2\/comments?post=35196"}],"version-history":[{"count":1,"href":"https:\/\/www.vesi.fi\/sv\/wp-json\/wp\/v2\/posts\/35196\/revisions"}],"predecessor-version":[{"id":35228,"href":"https:\/\/www.vesi.fi\/sv\/wp-json\/wp\/v2\/posts\/35196\/revisions\/35228"}],"wp:featuredmedia":[{"embeddable":true,"href":"https:\/\/www.vesi.fi\/sv\/wp-json\/wp\/v2\/media\/35197"}],"wp:attachment":[{"href":"https:\/\/www.vesi.fi\/sv\/wp-json\/wp\/v2\/media?parent=35196"}],"wp:term":[{"taxonomy":"category","embeddable":true,"href":"https:\/\/www.vesi.fi\/sv\/wp-json\/wp\/v2\/categories?post=35196"},{"taxonomy":"post_tag","embeddable":true,"href":"https:\/\/www.vesi.fi\/sv\/wp-json\/wp\/v2\/tags?post=35196"}],"curies":[{"name":"wp","href":"https:\/\/api.w.org\/{rel}","templated":true}]}}