{"id":35162,"date":"2024-08-22T12:04:04","date_gmt":"2024-08-22T09:04:04","guid":{"rendered":"https:\/\/www.vesi.fi\/sv\/?p=35162"},"modified":"2024-08-29T10:52:13","modified_gmt":"2024-08-29T07:52:13","slug":"lugnare-alglage-i-landskapen-i-osterbotten-an-under-de-senaste-veckorna","status":"publish","type":"post","link":"https:\/\/www.vesi.fi\/sv\/lugnare-alglage-i-landskapen-i-osterbotten-an-under-de-senaste-veckorna\/","title":{"rendered":"Lugnare algl\u00e4ge i landskapen i \u00d6sterbotten \u00e4n under de senaste veckorna"},"content":{"rendered":"<div>\n<div>\n<blockquote>\n<p class=\"MsoQuote\">Vid de observationspunkter som h\u00f6r till den riksomfattande uppf\u00f6ljningen av bl\u00e5gr\u00f6na alger i omr\u00e5det f\u00f6r NTM-centralen i S\u00f6dra \u00d6sterbotten observerades under vecka 34 en liten m\u00e4ngd bl\u00e5gr\u00f6na alger i Purmoj\u00e4rvi, Larsmosj\u00f6n och Per\u00e4nne. I kustomr\u00e5dena observerades en liten m\u00e4ngd bl\u00e5gr\u00f6na alger vid Rotarys observationsplatser i Skatsk\u00e4rsviken i N\u00e4rpes och vid Vackergrund i Kask\u00f6. F\u00f6rutom vid observationspunkterna f\u00f6r den riksomfattande uppf\u00f6ljningen har rikligt med bl\u00e5gr\u00f6na alger observerats i Evij\u00e4rvi, Esse \u00e5 och R\u00e4yringinj\u00e4rvi och sm\u00e5 m\u00e4ngder har observerats i havsomr\u00e5det utanf\u00f6r Berg\u00f6 samt vid V\u00e4sterb\u00e5dan utanf\u00f6r Karleby.<\/p>\n<\/blockquote>\n<p class=\"MsoNormal\">Under den g\u00e5ngna veckan har det bl\u00e5siga v\u00e4dret d\u00e4mpat bildningen av massf\u00f6rekomster. Ytvattentemperaturen i sj\u00f6arna i omr\u00e5det \u00e4r typiska f\u00f6r tidpunkten. Till exempel i Lappaj\u00e4rvi \u00e4r yttemperaturen cirka 19 grader.<\/p>\n<p class=\"MsoNormal\">Observationerna i anslutning till alguppf\u00f6ljningen ber\u00e4ttar endast om l\u00e4get vid observationsplatsen vid tidpunkten i fr\u00e5ga, och l\u00e4get kan variera snabbt om v\u00e4derf\u00f6rh\u00e5llandena f\u00f6r\u00e4ndras. Bl\u00e5gr\u00f6na alger, det vill s\u00e4ga cyanobakterier, f\u00f6rekommer naturligt i vattendrag. Vid gynnsamma f\u00f6rh\u00e5llanden kan bl\u00e5gr\u00f6na alger orsaka massf\u00f6rekomster. F\u00f6r att v\u00e4xa beh\u00f6ver bl\u00e5gr\u00f6na alger n\u00e4ring och ljus, och v\u00e4rme f\u00e5r dem att v\u00e4xa snabbare.<\/p>\n<p class=\"MsoNormal\">N\u00e4rings\u00e4mnen som rinner ut i vattendragen vid rikliga regn skapar gynnsamma f\u00f6r\u00f6kningsf\u00f6rh\u00e5llanden f\u00f6r algerna. En liten m\u00e4ngd bl\u00e5gr\u00f6na alger syns i vattnet som gr\u00f6n- eller gulaktiga partiklar, och n\u00e4r partiklarna driver in till stranden kan de bilda smala algr\u00e4nder. Bl\u00e5sigt v\u00e4der g\u00f6r det sv\u00e5rare att observera bl\u00e5gr\u00f6na alger eftersom vinden f\u00e5r algflaken att splittras p\u00e5 vattenytan och blandas upp i vattenskikten.<\/p>\n<p class=\"MsoNormal\">Innan man doppar sig i vattnet eller anv\u00e4nder det \u00e4r det bra att kontrollera att det inte finns alger i vattnet. Om det finns synliga bl\u00e5gr\u00f6na alger i vattnet b\u00f6r man undvika att simma och anv\u00e4nda vattnet som bastu- och hush\u00e5llsvatten.<\/p>\n<p class=\"MsoNormal\">Aktuella uppgifter om algl\u00e4get finns i J\u00e4rvi-Meriwiki\u202f(<a href=\"http:\/\/www.jarviwiki.fi\">www.jarviwiki.fi<\/a>), d\u00e4r \u00e4ven medborgarna kan meddela sina egna observationer. Med Havaintol\u00e4hetti-appen g\u00e5r det enkelt att spara observationer \u00e4ven med mobiltelefonen Observationer av bl\u00e5gr\u00f6na alger kan ocks\u00e5 meddelas till NTM-centralen i S\u00f6dra \u00d6sterbottens alguppf\u00f6ljningstelefon p\u00e5 nummer 0295 027 990.<\/p>\n<h3>Mer information:<\/h3>\n<p class=\"MsoNormal\">Alguppf\u00f6ljningstelefon 295 27\u202f990<\/p>\n<p class=\"MsoNormal\">J\u00e4rvi-meriwiki <a href=\"http:\/\/www.jarviwiki.fi\"> www.jarviwiki.fi<\/a><\/p>\n<p class=\"MsoNormal\">Bild: N\u00e4rings\u00e4mnen som rinner ut i vattendragen vid rikliga regn skapar gynnsamma f\u00f6r\u00f6kningsf\u00f6rh\u00e5llanden f\u00f6r algerna. \u00a9 NTM-centralen i S\u00f6dra \u00d6sterbotten<\/p>\n<\/div>\n<\/div>\n","protected":false},"excerpt":{"rendered":"<p>Vid de observationspunkter som h\u00f6r till den riksomfattande uppf\u00f6ljningen av bl\u00e5gr\u00f6na alger i omr\u00e5det f\u00f6r NTM-centralen i S\u00f6dra \u00d6sterbotten observerades under vecka 34 en liten m\u00e4ngd bl\u00e5gr\u00f6na alger i Purmoj\u00e4rvi, Larsmosj\u00f6n och Per\u00e4nne. I kustomr\u00e5dena observerades en liten m\u00e4ngd bl\u00e5gr\u00f6na alger vid Rotarys observationsplatser i Skatsk\u00e4rsviken i N\u00e4rpes och vid Vackergrund i Kask\u00f6. F\u00f6rutom vid [&hellip;]<\/p>\n","protected":false},"author":32,"featured_media":35163,"comment_status":"closed","ping_status":"closed","sticky":false,"template":"","format":"standard","meta":{"_acf_changed":false,"footnotes":""},"categories":[43],"tags":[],"class_list":["post-35162","post","type-post","status-publish","format-standard","has-post-thumbnail","hentry","category-nytt"],"acf":[],"aioseo_notices":[],"_links":{"self":[{"href":"https:\/\/www.vesi.fi\/sv\/wp-json\/wp\/v2\/posts\/35162","targetHints":{"allow":["GET"]}}],"collection":[{"href":"https:\/\/www.vesi.fi\/sv\/wp-json\/wp\/v2\/posts"}],"about":[{"href":"https:\/\/www.vesi.fi\/sv\/wp-json\/wp\/v2\/types\/post"}],"author":[{"embeddable":true,"href":"https:\/\/www.vesi.fi\/sv\/wp-json\/wp\/v2\/users\/32"}],"replies":[{"embeddable":true,"href":"https:\/\/www.vesi.fi\/sv\/wp-json\/wp\/v2\/comments?post=35162"}],"version-history":[{"count":2,"href":"https:\/\/www.vesi.fi\/sv\/wp-json\/wp\/v2\/posts\/35162\/revisions"}],"predecessor-version":[{"id":35195,"href":"https:\/\/www.vesi.fi\/sv\/wp-json\/wp\/v2\/posts\/35162\/revisions\/35195"}],"wp:featuredmedia":[{"embeddable":true,"href":"https:\/\/www.vesi.fi\/sv\/wp-json\/wp\/v2\/media\/35163"}],"wp:attachment":[{"href":"https:\/\/www.vesi.fi\/sv\/wp-json\/wp\/v2\/media?parent=35162"}],"wp:term":[{"taxonomy":"category","embeddable":true,"href":"https:\/\/www.vesi.fi\/sv\/wp-json\/wp\/v2\/categories?post=35162"},{"taxonomy":"post_tag","embeddable":true,"href":"https:\/\/www.vesi.fi\/sv\/wp-json\/wp\/v2\/tags?post=35162"}],"curies":[{"name":"wp","href":"https:\/\/api.w.org\/{rel}","templated":true}]}}