{"id":35091,"date":"2024-08-08T12:44:13","date_gmt":"2024-08-08T09:44:13","guid":{"rendered":"https:\/\/www.vesi.fi\/sv\/?p=35091"},"modified":"2024-08-29T10:50:39","modified_gmt":"2024-08-29T07:50:39","slug":"blagrona-alger-har-observerats-i-sjoarna-i-sodra-osterbotten-landskapen-i-osterbotten","status":"publish","type":"post","link":"https:\/\/www.vesi.fi\/sv\/blagrona-alger-har-observerats-i-sjoarna-i-sodra-osterbotten-landskapen-i-osterbotten\/","title":{"rendered":"Bl\u00e5gr\u00f6na alger har observerats i sj\u00f6arna i S\u00f6dra \u00d6sterbotten (landskapen i \u00d6sterbotten)"},"content":{"rendered":"<div>\n<div>\n<blockquote>\n<p class=\"MsoQuote\">F\u00f6rra veckan blev det betydligt lugnare i algl\u00e4get p\u00e5 grund av det ostadiga v\u00e4dret i hela landet. Under innevarande vecka har det varma, vindstilla och soliga v\u00e4dret bidragit till att de bl\u00e5gr\u00f6na algerna har blivit rikligare. Regnet har ocks\u00e5 f\u00f6rt med sig mycket n\u00e4rings\u00e4mnen i vattendraget f\u00f6r de bl\u00e5gr\u00f6na algerna att dra nytta av.<\/p>\n<\/blockquote>\n<p class=\"MsoNormal\">I S\u00f6dra \u00d6sterbotten har bl\u00e5gr\u00f6na alger observerats i Lappaj\u00e4rvi vid Lakanniemi i Vimpeli, Sillankorva i Evij\u00e4rvi och Suninsalmi i \u00c4ht\u00e4rinj\u00e4rvi p\u00e5 Alaj\u00e4rvi kommuns sida. P\u00e5 Etseri kommuns sida har bl\u00e5gr\u00f6na alger observerats vid \u00c4ht\u00e4rinsalmi och \u00c4ht\u00e4rinranta. Rikligt med alger har dessutom observerats vid Pyntt\u00e4rinniemi och Hoisko i Alaj\u00e4rvi, Purmosj\u00f6n i Kauhava och Kuortaneenj\u00e4rvi i Kuortane.<\/p>\n<p class=\"MsoNormal\">I havsomr\u00e5det observerades bl\u00e5gr\u00f6na alger f\u00f6rra veckan fr\u00e4mst vid kusten i Egentliga Finland. S\u00e4rskilt i Bottenhavet blev l\u00e4get b\u00e4ttre p\u00e5 grund av det svala och bl\u00e5siga v\u00e4dret. Under innevarande vecka har bl\u00e5gr\u00f6na alger observerats endast utanf\u00f6r Jakobstad.<\/p>\n<p class=\"MsoNormal\">Riklig f\u00f6rekomst av bl\u00e5gr\u00f6na alger kallas f\u00f6r blomning. Sm\u00e5 m\u00e4ngder bl\u00e5gr\u00f6na alger f\u00f6rekommer i vattnet som gr\u00f6n- eller gulaktiga gryn och n\u00e4r de driver till stranden, kan det uppst\u00e5 smala r\u00e4nder av alger. Algerna kan ocks\u00e5 samlas som en m\u00e5lf\u00e4rgsliknande gr\u00f6n massa. Bl\u00e5sigt v\u00e4der g\u00f6r det sv\u00e5rare att se bl\u00e5gr\u00f6na alger, eftersom vinden skingrar flaken och algpartiklarna blandas upp i de olika vattenskikten.<\/p>\n<p class=\"MsoNormal\">Om du misst\u00e4nker att det finns bl\u00e5gr\u00f6na alger i vattnet, ska du inte g\u00e5 och simma eller anv\u00e4nda vattnet som bastu-, bevattnings- eller tv\u00e4ttvatten. Vatten d\u00e4r det finns bl\u00e5gr\u00f6na alger kan orsaka hudsymptom, irriterade \u00f6gon och illam\u00e5ende.<\/p>\n<p class=\"MsoNormal\">NTM-centralen i S\u00f6dra \u00d6sterbotten meddelar om algl\u00e4get under sommaren p\u00e5 torsdagar. F\u00f6rekomsten av bl\u00e5gr\u00f6na alger bed\u00f6ms med \u00f6gat enligt en skala fr\u00e5n 0 (inga alger) till 3 (mycket rikligt med bl\u00e5gr\u00f6na alger). Uppf\u00f6ljningen genomf\u00f6rs i samarbete med Finlands milj\u00f6central, kommunerna och privatpersoner.\u00a0 Aktuella uppgifter om algl\u00e4get finns i J\u00e4rvi-Meriwiki (ww.jarviwiki.fi). Medborgarna kan ocks\u00e5 meddela sina observationer i samma tj\u00e4nst. Med Havaintol\u00e4hetti-appen g\u00e5r det enkelt att spara observationer \u00e4ven med mobiltelefonen. Observationer av bl\u00e5gr\u00f6na alger kan ocks\u00e5 meddelas till NTM-centralen i S\u00f6dra \u00d6sterbottens alguppf\u00f6ljningstelefon p\u00e5 nummer 0295 027\u00a0990.<\/p>\n<h3>Mer information:<\/h3>\n<p class=\"MsoNormal\">Alguppf\u00f6ljningstelefon 0295 027\u202f990<\/p>\n<p class=\"MsoNormal\">J\u00e4rviwiki: <a href=\"http:\/\/www.jarviwiki.fi\"> www.jarviwiki.fi<\/a><\/p>\n<p class=\"MsoNormal\">Bild: Vatten d\u00e4r det finns bl\u00e5gr\u00f6na alger kan orsaka hudsymptom, irriterade \u00f6gon och illam\u00e5ende. Illustration. \u00a9 NTM-centralen i S\u00f6dra \u00d6sterbotten<\/p>\n<\/div>\n<\/div>\n","protected":false},"excerpt":{"rendered":"<p>F\u00f6rra veckan blev det betydligt lugnare i algl\u00e4get p\u00e5 grund av det ostadiga v\u00e4dret i hela landet. Under innevarande vecka har det varma, vindstilla och soliga v\u00e4dret bidragit till att de bl\u00e5gr\u00f6na algerna har blivit rikligare. Regnet har ocks\u00e5 f\u00f6rt med sig mycket n\u00e4rings\u00e4mnen i vattendraget f\u00f6r de bl\u00e5gr\u00f6na algerna att dra nytta av. I [&hellip;]<\/p>\n","protected":false},"author":32,"featured_media":35092,"comment_status":"closed","ping_status":"closed","sticky":false,"template":"","format":"standard","meta":{"_acf_changed":false,"footnotes":""},"categories":[43],"tags":[],"class_list":["post-35091","post","type-post","status-publish","format-standard","has-post-thumbnail","hentry","category-nytt"],"acf":[],"aioseo_notices":[],"_links":{"self":[{"href":"https:\/\/www.vesi.fi\/sv\/wp-json\/wp\/v2\/posts\/35091","targetHints":{"allow":["GET"]}}],"collection":[{"href":"https:\/\/www.vesi.fi\/sv\/wp-json\/wp\/v2\/posts"}],"about":[{"href":"https:\/\/www.vesi.fi\/sv\/wp-json\/wp\/v2\/types\/post"}],"author":[{"embeddable":true,"href":"https:\/\/www.vesi.fi\/sv\/wp-json\/wp\/v2\/users\/32"}],"replies":[{"embeddable":true,"href":"https:\/\/www.vesi.fi\/sv\/wp-json\/wp\/v2\/comments?post=35091"}],"version-history":[{"count":2,"href":"https:\/\/www.vesi.fi\/sv\/wp-json\/wp\/v2\/posts\/35091\/revisions"}],"predecessor-version":[{"id":35193,"href":"https:\/\/www.vesi.fi\/sv\/wp-json\/wp\/v2\/posts\/35091\/revisions\/35193"}],"wp:featuredmedia":[{"embeddable":true,"href":"https:\/\/www.vesi.fi\/sv\/wp-json\/wp\/v2\/media\/35092"}],"wp:attachment":[{"href":"https:\/\/www.vesi.fi\/sv\/wp-json\/wp\/v2\/media?parent=35091"}],"wp:term":[{"taxonomy":"category","embeddable":true,"href":"https:\/\/www.vesi.fi\/sv\/wp-json\/wp\/v2\/categories?post=35091"},{"taxonomy":"post_tag","embeddable":true,"href":"https:\/\/www.vesi.fi\/sv\/wp-json\/wp\/v2\/tags?post=35091"}],"curies":[{"name":"wp","href":"https:\/\/api.w.org\/{rel}","templated":true}]}}