{"id":35011,"date":"2024-07-25T13:48:40","date_gmt":"2024-07-25T10:48:40","guid":{"rendered":"https:\/\/www.vesi.fi\/sv\/?p=35011"},"modified":"2024-07-25T16:50:15","modified_gmt":"2024-07-25T13:50:15","slug":"blagrona-alger-i-sjoarna-i-sodra-osterbotten-landskapen-i-osterbotten","status":"publish","type":"post","link":"https:\/\/www.vesi.fi\/sv\/blagrona-alger-i-sjoarna-i-sodra-osterbotten-landskapen-i-osterbotten\/","title":{"rendered":"Bl\u00e5gr\u00f6na alger i sj\u00f6arna i S\u00f6dra \u00d6sterbotten (landskapen i \u00d6sterbotten)"},"content":{"rendered":"<blockquote>\n<p class=\"MsoQuote\">I S\u00f6dra \u00d6sterbotten har en liten m\u00e4ngd bl\u00e5gr\u00f6na alger (cyanobakterier) observerats i insj\u00f6arna Kuortaneenj\u00e4rvi i Kuortane och Purmoj\u00e4rvi i Kauhava samt vid \u00c4ht\u00e4rinsalmi i Etseri. Senaste vecka observerades de f\u00f6rsta bl\u00e5gr\u00f6na algerna i Bottniska viken vid kusten av landskapen i \u00d6sterbotten. Denna vecka har en liten m\u00e4ngd bl\u00e5gr\u00f6na alger observerats utanf\u00f6r Kask\u00f6 och i kustomr\u00e5det vid R\u00f6nnsk\u00e4rsgloppet i Malax.<\/p>\n<\/blockquote>\n<p class=\"MsoNormal\">Den g\u00e5ngna veckan har varit varm i hela landet, vilket syns i form av observationer av bl\u00e5gr\u00f6na alger p\u00e5 olika h\u00e5ll i landet. Enstaka observationer av bl\u00e5gr\u00f6na alger har nu gjorts \u00e4ven i norra Finland, och ytvattentemperaturen i vattendragen i Finland \u00e4r i medeltal kring 21 grader. I kustomr\u00e5det i \u00d6sterbotten kan det varma v\u00e4rdet och de rikliga regnen synas i algl\u00e4get under de f\u00f6ljande veckorna, men hittills har situationen varit typisk f\u00f6r \u00e5rstiden.<\/p>\n<p class=\"MsoNormal\">Om du misst\u00e4nker att det kan finnas bl\u00e5gr\u00f6na alger i vattnet s\u00e5 ska du inte simma i vattnet och inte heller l\u00e5ta s\u00e4llskapsdjur simma i det eller dricka av det. Vattnet b\u00f6r inte heller anv\u00e4ndas som bastu-, tv\u00e4tt- eller bevattningsvatten. Inte heller kokning avl\u00e4gsnar eventuella alggifter. Vatten d\u00e4r det finns bl\u00e5gr\u00f6na alger kan orsaka hudsymptom, irriterade \u00f6gon och illam\u00e5ende. Om du ser gr\u00f6naktiga korn eller vattnet \u00e4r gr\u00f6nf\u00e4rgat, kan man g\u00f6ra ett dricksglastest. D\u00e5 vattnet st\u00e5r stilla i exempelvis ett dricksglas, flyter bl\u00e5gr\u00f6na alger upp till ytan p\u00e5 ungef\u00e4r en timme. Det g\u00e5r ocks\u00e5 att anv\u00e4nda en k\u00e4pp f\u00f6r att testa om det \u00e4r fr\u00e5ga om bl\u00e5gr\u00f6na alger. Om man f\u00f6rs\u00f6ker lyfta algerna med en k\u00e4pp och de h\u00e4nger kvar i k\u00e4ppen, \u00e4r det fr\u00e5ga om n\u00e5gon annan alg \u00e4n bl\u00e5gr\u00f6na alger. Bl\u00e5gr\u00f6na alger h\u00e4nger d\u00e4remot inte kvar p\u00e5 k\u00e4ppen.<\/p>\n<p class=\"MsoNormal\">NTM-centralen i S\u00f6dra \u00d6sterbotten meddelar om algl\u00e4get under sommaren p\u00e5 torsdagar. F\u00f6rekomsten av bl\u00e5gr\u00f6na alger bed\u00f6ms med \u00f6gat enligt en skala fr\u00e5n 0 (inga alger) till 3 (mycket rikligt med bl\u00e5gr\u00f6na alger). Uppf\u00f6ljningen genomf\u00f6rs i samarbete med Finlands milj\u00f6central, kommunerna och privatpersoner. Observationerna i uppf\u00f6ljningen av bl\u00e5gr\u00f6na alger ger information om l\u00e4get p\u00e5 kontrollplatserna endast vid tidpunkten i fr\u00e5ga om l\u00e4get kan f\u00f6r\u00e4ndras snabbt enligt v\u00e4derf\u00f6rh\u00e5llandena.<\/p>\n<p class=\"MsoNormal\">Aktuella uppgifter om algl\u00e4get finns i J\u00e4rvi-Meriwiki\u202f(<a href=\"http:\/\/www.jarviwiki.fi\">www.jarviwiki.fi<\/a>). Medborgarna kan ocks\u00e5 meddela sina observationer i samma tj\u00e4nst. Med Havaintol\u00e4hetti-appen g\u00e5r det enkelt att spara observationer \u00e4ven med mobiltelefonen. Observationer av bl\u00e5gr\u00f6na alger kan ocks\u00e5 meddelas till NTM-centralen i S\u00f6dra \u00d6sterbottens alguppf\u00f6ljningstelefon p\u00e5 nummer 0295 027 990.<\/p>\n<h3>Mer information:<\/h3>\n<p class=\"MsoNormal\">Alguppf\u00f6ljningstelefon 0295 027\u202f990<\/p>\n<p class=\"MsoNormal\">J\u00e4rviwiki: <a href=\"http:\/\/www.jarviwiki.fi\"> www.jarviwiki.fi<\/a><\/p>\n<p class=\"MsoNormal\">Bild: Den g\u00e5ngna veckan har varit varm i hela landet, vilket syns i form av observationer av bl\u00e5gr\u00f6na alger p\u00e5 olika h\u00e5ll i landet. Illustration. \u00a9 Niina Hyttinen<\/p>\n<p class=\"MsoNormal\">\n","protected":false},"excerpt":{"rendered":"<p>I S\u00f6dra \u00d6sterbotten har en liten m\u00e4ngd bl\u00e5gr\u00f6na alger (cyanobakterier) observerats i insj\u00f6arna Kuortaneenj\u00e4rvi i Kuortane och Purmoj\u00e4rvi i Kauhava samt vid \u00c4ht\u00e4rinsalmi i Etseri. Senaste vecka observerades de f\u00f6rsta bl\u00e5gr\u00f6na algerna i Bottniska viken vid kusten av landskapen i \u00d6sterbotten. Denna vecka har en liten m\u00e4ngd bl\u00e5gr\u00f6na alger observerats utanf\u00f6r Kask\u00f6 och i kustomr\u00e5det [&hellip;]<\/p>\n","protected":false},"author":32,"featured_media":35012,"comment_status":"closed","ping_status":"closed","sticky":false,"template":"","format":"standard","meta":{"_acf_changed":false,"footnotes":""},"categories":[43],"tags":[],"class_list":["post-35011","post","type-post","status-publish","format-standard","has-post-thumbnail","hentry","category-nytt"],"acf":[],"aioseo_notices":[],"_links":{"self":[{"href":"https:\/\/www.vesi.fi\/sv\/wp-json\/wp\/v2\/posts\/35011","targetHints":{"allow":["GET"]}}],"collection":[{"href":"https:\/\/www.vesi.fi\/sv\/wp-json\/wp\/v2\/posts"}],"about":[{"href":"https:\/\/www.vesi.fi\/sv\/wp-json\/wp\/v2\/types\/post"}],"author":[{"embeddable":true,"href":"https:\/\/www.vesi.fi\/sv\/wp-json\/wp\/v2\/users\/32"}],"replies":[{"embeddable":true,"href":"https:\/\/www.vesi.fi\/sv\/wp-json\/wp\/v2\/comments?post=35011"}],"version-history":[{"count":1,"href":"https:\/\/www.vesi.fi\/sv\/wp-json\/wp\/v2\/posts\/35011\/revisions"}],"predecessor-version":[{"id":35021,"href":"https:\/\/www.vesi.fi\/sv\/wp-json\/wp\/v2\/posts\/35011\/revisions\/35021"}],"wp:featuredmedia":[{"embeddable":true,"href":"https:\/\/www.vesi.fi\/sv\/wp-json\/wp\/v2\/media\/35012"}],"wp:attachment":[{"href":"https:\/\/www.vesi.fi\/sv\/wp-json\/wp\/v2\/media?parent=35011"}],"wp:term":[{"taxonomy":"category","embeddable":true,"href":"https:\/\/www.vesi.fi\/sv\/wp-json\/wp\/v2\/categories?post=35011"},{"taxonomy":"post_tag","embeddable":true,"href":"https:\/\/www.vesi.fi\/sv\/wp-json\/wp\/v2\/tags?post=35011"}],"curies":[{"name":"wp","href":"https:\/\/api.w.org\/{rel}","templated":true}]}}