{"id":34961,"date":"2024-07-18T13:38:52","date_gmt":"2024-07-18T10:38:52","guid":{"rendered":"https:\/\/www.vesi.fi\/sv\/?p=34961"},"modified":"2024-07-18T14:22:06","modified_gmt":"2024-07-18T11:22:06","slug":"det-varma-vadret-har-okat-observationerna-av-blagrona-alger-landskapen-i-osterbotten","status":"publish","type":"post","link":"https:\/\/www.vesi.fi\/sv\/det-varma-vadret-har-okat-observationerna-av-blagrona-alger-landskapen-i-osterbotten\/","title":{"rendered":"Det varma v\u00e4dret har \u00f6kat observationerna av bl\u00e5gr\u00f6na alger i \u00d6sterbotten"},"content":{"rendered":"<div>\n<div>\n<p class=\"MsoQuote\">I havsomr\u00e5det utanf\u00f6r Kask\u00f6 har en liten m\u00e4ngd bl\u00e5gr\u00f6na alger (cyanobakterier) observerats p\u00e5 tv\u00e5 kontrollpunkter och i Korsholm har rikligt med alger observerats i Replotfj\u00e4rden. Vid Bottenvikens kust har algobservationerna \u00f6kat \u00e4ven l\u00e4ngre s\u00f6derut utanf\u00f6r Nystad och Raumo. I insj\u00f6arna \u00e4r algl\u00e4get lugnt. Under den innevarande veckan har en liten m\u00e4ngd bl\u00e5gr\u00f6na alger observerats i alguppf\u00f6ljningen i sj\u00f6n Alaj\u00e4rvi i S\u00f6dra \u00d6sterbotten, vid sj\u00f6ns s\u00f6dra och norra strand.<\/p>\n<p class=\"MsoNormal\">Den innevarande veckan har v\u00e4dret varit varmt, vilket p\u00e5 m\u00e5nga st\u00e4llen har f\u00e5tt ytvattentemperaturen att stiga till drygt 20 grader och d\u00e4rmed gjort vattnet mer gynnsamt f\u00f6r bl\u00e5gr\u00f6na alger. V\u00e4dret har ocks\u00e5 varit mindre bl\u00e5sigt \u00e4n f\u00f6rra veckan, vilket g\u00f6r att de bl\u00e5gr\u00f6na algerna samlas mer effektivt p\u00e5 vattenytan. L\u00e4get betr\u00e4ffande bl\u00e5gr\u00f6na alger \u00e4r typiskt f\u00f6r tidpunkten s\u00e5v\u00e4l i regionen som i hela landet, och sannolikt ligger cyanobakterietoppen fortfarande framf\u00f6r oss, om det inte kommer en exceptionellt kall period.<\/p>\n<p class=\"MsoNormal\">N\u00e4r det \u00e4r vindstilla, soligt och varmt v\u00e4der blir de bl\u00e5gr\u00f6na algerna rikligare och stiger upp genom vattenpelaren till vattenytan. Sm\u00e5 m\u00e4ngder bl\u00e5gr\u00f6na alger f\u00f6rekommer i vattnet som gr\u00f6n- eller gulaktiga smulor. N\u00e4r de driver in till stranden kan det uppst\u00e5 smala r\u00e4nder av alger eller s\u00e5 anhopas de vid str\u00e4nderna till en gr\u00f6naktig massa som p\u00e5minner om m\u00e5larf\u00e4rg. Om det finns rikligt med bl\u00e5gr\u00f6na alger, uppst\u00e5r algflak i vindstilla v\u00e4der. Bl\u00e5sigt v\u00e4der g\u00f6r det sv\u00e5rare att se bl\u00e5gr\u00f6na alger, eftersom vinden splittrar flaken och algpartiklarna blandas upp i de olika vattenskikten.<\/p>\n<p class=\"MsoNormal\">Om du misst\u00e4nker att det kan finnas bl\u00e5gr\u00f6na alger i vattnet s\u00e5 ska du inte simma i vattnet och inte heller l\u00e5ta s\u00e4llskapsdjur simma i det eller dricka av det. Vattnet b\u00f6r inte heller anv\u00e4ndas som bastu-, tv\u00e4tt- eller bevattningsvatten. Inte heller kokning avl\u00e4gsnar eventuella alggifter. Vatten d\u00e4r det finns bl\u00e5gr\u00f6na alger kan orsaka hudsymptom, irriterade \u00f6gon och illam\u00e5ende. Om du ser gr\u00f6naktiga korn eller vattnet \u00e4r gr\u00f6nf\u00e4rgat, kan man g\u00f6ra ett dricksglastest. D\u00e5 vattnet st\u00e5r stilla i exempelvis ett dricksglas, flyter bl\u00e5gr\u00f6na alger upp till ytan p\u00e5 ungef\u00e4r en timme. Det g\u00e5r ocks\u00e5 att anv\u00e4nda en k\u00e4pp f\u00f6r att testa om det \u00e4r fr\u00e5ga om bl\u00e5gr\u00f6na alger. Om man f\u00f6rs\u00f6ker lyfta algerna med en k\u00e4pp och de h\u00e4nger kvar i k\u00e4ppen, \u00e4r det fr\u00e5ga om n\u00e5gon annan alg \u00e4n bl\u00e5gr\u00f6na alger. Bl\u00e5gr\u00f6na alger h\u00e4nger d\u00e4remot inte kvar p\u00e5 k\u00e4ppen.<\/p>\n<p class=\"MsoNormal\">NTM-centralen i S\u00f6dra \u00d6sterbotten meddelar om algl\u00e4get under sommaren p\u00e5 torsdagar. F\u00f6rekomsten av bl\u00e5gr\u00f6na alger bed\u00f6ms med \u00f6gat enligt en skala fr\u00e5n 0 (inga alger) till 3 (mycket rikligt med bl\u00e5gr\u00f6na alger). Uppf\u00f6ljningen genomf\u00f6rs i samarbete med Finlands milj\u00f6central, kommunerna och privatpersoner. Observationerna i uppf\u00f6ljningen av bl\u00e5gr\u00f6na alger ger information om l\u00e4get p\u00e5 kontrollplatserna endast vid tidpunkten i fr\u00e5ga om l\u00e4get kan f\u00f6r\u00e4ndras snabbt enligt v\u00e4derf\u00f6rh\u00e5llandena.<\/p>\n<p class=\"MsoNormal\">Aktuella uppgifter om algl\u00e4get finns i J\u00e4rvi-Meriwiki\u202f(<a href=\"http:\/\/www.jarviwiki.fi\">www.jarviwiki.fi<\/a>). Medborgarna kan ocks\u00e5 meddela sina observationer i samma tj\u00e4nst. Med Havaintol\u00e4hetti-appen g\u00e5r det enkelt att spara observationer \u00e4ven med mobiltelefonen. Observationer av bl\u00e5gr\u00f6na alger kan ocks\u00e5 meddelas till NTM-centralen i S\u00f6dra \u00d6sterbottens alguppf\u00f6ljningstelefon p\u00e5 nummer 0295 027 990.<\/p>\n<h3>Mer information:<\/h3>\n<p class=\"MsoNormal\">Alguppf\u00f6ljningstelefon 0295 027\u202f990<\/p>\n<p class=\"MsoNormal\">J\u00e4rviwiki <a href=\"http:\/\/www.jarviwiki.fi\">www.jarviwiki.fi<\/a><\/p>\n<p class=\"MsoNormal\">Bild: Bl\u00e5gr\u00f6na alger som drivit in till stranden. \u00a9 Niina Hyttinen<\/p>\n<p class=\"MsoNormal\">ALT: Bl\u00e5gr\u00f6na alger som drivit in till stranden.<\/p>\n<\/div>\n<\/div>\n","protected":false},"excerpt":{"rendered":"<p>I havsomr\u00e5det utanf\u00f6r Kask\u00f6 har en liten m\u00e4ngd bl\u00e5gr\u00f6na alger (cyanobakterier) observerats p\u00e5 tv\u00e5 kontrollpunkter och i Korsholm har rikligt med alger observerats i Replotfj\u00e4rden. Vid Bottenvikens kust har algobservationerna \u00f6kat \u00e4ven l\u00e4ngre s\u00f6derut utanf\u00f6r Nystad och Raumo. I insj\u00f6arna \u00e4r algl\u00e4get lugnt. Under den innevarande veckan har en liten m\u00e4ngd bl\u00e5gr\u00f6na alger observerats i [&hellip;]<\/p>\n","protected":false},"author":32,"featured_media":34962,"comment_status":"closed","ping_status":"closed","sticky":false,"template":"","format":"standard","meta":{"_acf_changed":false,"footnotes":""},"categories":[43],"tags":[],"class_list":["post-34961","post","type-post","status-publish","format-standard","has-post-thumbnail","hentry","category-nytt"],"acf":[],"aioseo_notices":[],"_links":{"self":[{"href":"https:\/\/www.vesi.fi\/sv\/wp-json\/wp\/v2\/posts\/34961","targetHints":{"allow":["GET"]}}],"collection":[{"href":"https:\/\/www.vesi.fi\/sv\/wp-json\/wp\/v2\/posts"}],"about":[{"href":"https:\/\/www.vesi.fi\/sv\/wp-json\/wp\/v2\/types\/post"}],"author":[{"embeddable":true,"href":"https:\/\/www.vesi.fi\/sv\/wp-json\/wp\/v2\/users\/32"}],"replies":[{"embeddable":true,"href":"https:\/\/www.vesi.fi\/sv\/wp-json\/wp\/v2\/comments?post=34961"}],"version-history":[{"count":2,"href":"https:\/\/www.vesi.fi\/sv\/wp-json\/wp\/v2\/posts\/34961\/revisions"}],"predecessor-version":[{"id":34969,"href":"https:\/\/www.vesi.fi\/sv\/wp-json\/wp\/v2\/posts\/34961\/revisions\/34969"}],"wp:featuredmedia":[{"embeddable":true,"href":"https:\/\/www.vesi.fi\/sv\/wp-json\/wp\/v2\/media\/34962"}],"wp:attachment":[{"href":"https:\/\/www.vesi.fi\/sv\/wp-json\/wp\/v2\/media?parent=34961"}],"wp:term":[{"taxonomy":"category","embeddable":true,"href":"https:\/\/www.vesi.fi\/sv\/wp-json\/wp\/v2\/categories?post=34961"},{"taxonomy":"post_tag","embeddable":true,"href":"https:\/\/www.vesi.fi\/sv\/wp-json\/wp\/v2\/tags?post=34961"}],"curies":[{"name":"wp","href":"https:\/\/api.w.org\/{rel}","templated":true}]}}