{"id":34950,"date":"2024-07-17T13:48:35","date_gmt":"2024-07-17T10:48:35","guid":{"rendered":"https:\/\/www.vesi.fi\/sv\/?p=34950"},"modified":"2024-07-17T13:57:48","modified_gmt":"2024-07-17T10:57:48","slug":"vattenoversikt-for-juni-2024-vattnet-i-insjoarna-varmare-an-i-genomsnitt-i-borjan-av-manaden-landskapen-i-osterbotten","status":"publish","type":"post","link":"https:\/\/www.vesi.fi\/sv\/vattenoversikt-for-juni-2024-vattnet-i-insjoarna-varmare-an-i-genomsnitt-i-borjan-av-manaden-landskapen-i-osterbotten\/","title":{"rendered":"Vatten\u00f6versikt f\u00f6r juni 2024: Vattnet i insj\u00f6arna varmare \u00e4n i genomsnitt i b\u00f6rjan av m\u00e5naden (landskapen i \u00d6sterbotten)"},"content":{"rendered":"<blockquote>\n<p class=\"MsoQuote\">I vatten\u00f6versikten f\u00f6r juni behandlas som vanligt bland annat vattenf\u00f6ringen i vattendragen, vattenst\u00e5ndet, f\u00f6rsurningsl\u00e4get och temperaturerna.\u00a0 Ut\u00f6ver grundvattensituationen ber\u00e4ttar \u00f6versikten om bl\u00e5gr\u00f6nalgl\u00e4get i juni. NTM-centralen i S\u00f6dra \u00d6sterbotten f\u00f6ljer ocks\u00e5 upp algl\u00e4get varje vecka och informerar tillsammans med Finlands milj\u00f6central, kommunerna och privatpersoner.<\/p>\n<\/blockquote>\n<h3>Vattenst\u00e5ndet i \u00e5ar, \u00e4lvar och sj\u00f6ar n\u00e4ra de normala niv\u00e5erna f\u00f6r juni<\/h3>\n<p class=\"MsoNormal\">Vattenf\u00f6ringen i de \u00f6sterbottniska \u00e5arna och \u00e4lvarna och vattenst\u00e5ndet i sj\u00f6arna l\u00e5g i juni n\u00e4ra de normala niv\u00e5erna f\u00f6r juni. V\u00e4dret var varmare \u00e4n vanligt s\u00e4rskilt under den f\u00f6rsta veckan i juni och i slutet av juni. Den f\u00f6rsta dagen i juni orsakade rikliga lokala regnskurar dagvatten\u00f6versv\u00e4mningar bland annat i Sein\u00e4joki. Den totala nederb\u00f6rdsm\u00e4ngden i juni l\u00e5g huvudsakligen i n\u00e4rheten av den genomsnittliga nederb\u00f6rdsm\u00e4ngden i juni.<\/p>\n<p class=\"MsoNormal\">Till f\u00f6ljd av regnen var vattenf\u00f6ringen i \u00e5arna och \u00e4lvarna som st\u00f6rst kring mitten av juni och sj\u00f6nk sm\u00e5ningom f\u00f6re utg\u00e5ngen av m\u00e5naden. Vattenf\u00f6ringen i Kyro \u00e4lvs nedre lopp var som mest 31 m<sup>3<\/sup>\/s i mitten av juni och i slutet av m\u00e5naden endast 6 m<sup>3<\/sup>\/s. I Lappo \u00e5s nedre lopp var vattenf\u00f6ringen som mest 19 m<sup>3<\/sup>\/s i mitten av juni och i slutet av m\u00e5naden endast 5 m<sup>3<\/sup>\/s. Vattenf\u00f6ringen i Perho \u00e5 vid Tunkkari i Vetil sj\u00f6nk under juni fr\u00e5n 8 m<sup>3<\/sup>\/s till 4 m<sup>3<\/sup>\/s.<\/p>\n<p class=\"MsoNormal\">I Esse \u00e5s avrinningsomr\u00e5de sj\u00f6nk vattenst\u00e5ndet i Lappaj\u00e4rvi med 17 cm under juni och hamnade slutligen i m\u00e5lzonen f\u00f6r regleringen. I Lappo \u00e5s avrinningsomr\u00e5de sj\u00f6nk vattenst\u00e5ndet i Kuortaneenj\u00e4rvi med 10 cm i juni och hamnade i slutet av m\u00e5naden p\u00e5 m\u00e5lniv\u00e5n f\u00f6r regleringen. Vattenst\u00e5ndet i Hirvij\u00e4rvi konstgjorda sj\u00f6 var cirka 5\u201310 cm l\u00e4gre \u00e4n normalt. I Kyro \u00e4lvs avrinningsomr\u00e5de var vattenst\u00e5ndet i Kalaj\u00e4rvi konstgjorda sj\u00f6 5\u201310 cm h\u00f6gre \u00e4n normalt i juni och vattenst\u00e5ndet i Kyrk\u00f6sj\u00e4rvi konstgjorda sj\u00f6 p\u00e5 normal niv\u00e5. I Perho \u00e5s avrinningsomr\u00e5de var vattenst\u00e5ndet i Patana konstgjorda sj\u00f6 cirka 30 cm och vattenst\u00e5ndet i Venetjoki och Vissavesi konstgjorda sj\u00f6ar cirka 10 cm l\u00e4gre \u00e4n genomsnittet f\u00f6r juni.<\/p>\n<h3>Vattnen \u00e4r tills vidare varma och det finns ganska lite bl\u00e5gr\u00f6nalger<\/h3>\n<p class=\"MsoNormal\">I b\u00f6rjan av juni var insj\u00f6vattnen klart varmare \u00e4n genomsnittet. Till exempel i Lappaj\u00e4rvi var temperaturen i b\u00f6rjan av m\u00e5naden 21\u201322 grader. I mitten av m\u00e5naden blev vattnet n\u00e5got kallare, men v\u00e4rmdes upp p\u00e5 nytt i slutet av m\u00e5naden. Juni f\u00f6rde ocks\u00e5 med sig f\u00f6rekomster av bl\u00e5gr\u00f6nalger. Bl\u00e5gr\u00f6nalger observerades i n\u00e5gra sj\u00f6ar, bland annat i Etseri tr\u00e4sk och Alaj\u00e4rvi. I kustvattnen observerades inga f\u00f6rekomster av bl\u00e5gr\u00f6nalger i juni. F\u00f6rekomsterna har dock hittills varit ganska sm\u00e5 och kortvariga. Utvecklingen av algl\u00e4get under sommaren beror i h\u00f6g grad p\u00e5 v\u00e4derf\u00f6rh\u00e5llandena. De st\u00f6rsta och kraftigaste blomningarna p\u00e5tr\u00e4ffas i allm\u00e4nhet i juli.<\/p>\n<p class=\"MsoNormal\">F\u00f6rsurningsl\u00e4get i \u00e5arna och \u00e4lvarna motsvarade i juni de typiska f\u00f6rh\u00e5llanden under sommaren, d\u00e5 pH-v\u00e4rdet huvudsakligen l\u00e5g mellan 6 och 7. N\u00e4ringshalterna i Lappo \u00e5 och Kyro \u00e4lv var i b\u00f6rjan av m\u00e5naden relativt l\u00e5ga och avspeglade en liten ytavrinning fr\u00e5n avrinningsomr\u00e5det. I de mindre \u00e5arna och \u00e4lvarna \u00f6kade dock i synnerhet fosforhalterna under den regnigare perioden i mitten av m\u00e5naden. Vattnet blev ocks\u00e5 betydligt varmare i \u00e5arna och \u00e4lvarna under v\u00e4rmeb\u00f6ljorna i b\u00f6rjan av m\u00e5naden. Till exempel i Kyro \u00e4lv var vattnet i b\u00f6rjan av m\u00e5naden 21\u201322 grader, vilket \u00e4r mycket f\u00f6r \u00e5rstiden. Varmt vatten \u00e4r en stressfaktor f\u00f6r en del av vattenorganismerna. Syref\u00f6rbrukningen \u00f6kar samtidigt som det finns mindre syre i vattnet. I synnerhet laxfiskar lider av varma f\u00f6rh\u00e5llanden. Situationen f\u00f6rv\u00e4rras av den minskade vattenm\u00e4ngden och den minskade fl\u00f6deshastigheten. I synnerhet i sm\u00e5 \u00e5ar kan vattenm\u00e4ngden och vattentemperaturen bli kritiska f\u00f6r vattenorganismerna.<\/p>\n<h3>Grundvattenniv\u00e5n har b\u00f6rjat sjunka, vilket \u00e4r normalt f\u00f6r sommaren<\/h3>\n<p class=\"MsoNormal\">Grundvattenniv\u00e5n steg p\u00e5 v\u00e5ren n\u00e4r sn\u00f6n och tj\u00e4len sm\u00e4lte och blev till grundvatten. N\u00e4r v\u00e4dret blev varmare i maj slutade niv\u00e5n att stiga och b\u00f6rjade sjunka. Efter v\u00e4rmen i maj och b\u00f6rjan av juni blev v\u00e4dret n\u00e5got svalare och det regnade ocks\u00e5 i de \u00f6sterbottniska landskapen, vilket ledde till att grundvattenniv\u00e5n sj\u00f6nk l\u00e5ngsammare.<\/p>\n<p class=\"MsoNormal\">Grundvattenf\u00f6rekomsterna klarade sig bra under den varma och regnfria perioden.<\/p>\n<p class=\"MsoNormal\">Grundvattenniv\u00e5n f\u00f6rv\u00e4ntas sjunka p\u00e5 normalt s\u00e4tt fram till h\u00f6sten, om det inte regnar exceptionellt mycket under sommaren. P\u00e5 sommaren kommer nederb\u00f6rden ofta i skurar, och d\u00e4rf\u00f6r kan den lokala variationen i grundvattenniv\u00e5n vara stor. Vid de riksomfattande \u00f6vervakningsstationerna f\u00f6r grundvattenniv\u00e5n i de \u00f6sterbottniska landskapen \u00e4r grundvattenniv\u00e5n p\u00e5 genomsnittlig niv\u00e5 f\u00f6r \u00e5rstiden eller n\u00e5got h\u00f6gre eller l\u00e4gre. Regional och lokal variation f\u00f6rekommer.<\/p>\n<h3>Mer information p\u00e5 webben:<\/h3>\n<p class=\"MsoNormal\">Vattenprognoser och varningar p\u00e5 kartan: <a href=\"https:\/\/www.vesi.fi\/karttapalvelu\/\"> https:\/\/www.vesi.fi\/karttapalvelu\/<\/a><\/p>\n<p class=\"MsoNormal\">Vattenl\u00e4get i realtid: <a href=\"http:\/\/wwwi3.ymparisto.fi\/i3\/RealTime\/lsu.htm\"> http:\/\/wwwi3.ymparisto.fi\/i3\/RealTime\/lsu.htm<\/a><\/p>\n<h3>Mer information fr\u00e5n NTM-centralen i S\u00f6dra \u00d6sterbotten:<\/h3>\n<p class=\"MsoNormal\">Ledande vattenhush\u00e5llningsexpert Katja Haukilehto, puh. 0295 027 794 (reglering och vattenf\u00f6ring)<\/p>\n<p class=\"MsoNormal\">Specialforskare Anssi Teppo, tfn 0295 027 948 (vattenkvalitet)<\/p>\n<p class=\"MsoNormal\">\u00d6verinspekt\u00f6r Anne Pet\u00e4j\u00e4-Ronkainen, tfn 0295 024 221 (grundvatten)<\/p>\n<p class=\"MsoNormal\">e-postadresserna \u00e4r i formatet <a href=\"mailto:fornamn.efternamn@ely-keskus.fi\">fornamn.efternamn@ely-keskus.fi<\/a><\/p>\n<p class=\"MsoNormal\">Bild: Vattenf\u00f6ringen i de \u00f6sterbottniska \u00e5arna och \u00e4lvarna och vattenst\u00e5ndet i sj\u00f6arna l\u00e5g i juni n\u00e4ra de normala niv\u00e5erna f\u00f6r juni. Illustration. \u00a9 NTM-centralen i S\u00f6dra \u00d6sterbotten<\/p>\n","protected":false},"excerpt":{"rendered":"<p>I vatten\u00f6versikten f\u00f6r juni behandlas som vanligt bland annat vattenf\u00f6ringen i vattendragen, vattenst\u00e5ndet, f\u00f6rsurningsl\u00e4get och temperaturerna.\u00a0 Ut\u00f6ver grundvattensituationen ber\u00e4ttar \u00f6versikten om bl\u00e5gr\u00f6nalgl\u00e4get i juni. NTM-centralen i S\u00f6dra \u00d6sterbotten f\u00f6ljer ocks\u00e5 upp algl\u00e4get varje vecka och informerar tillsammans med Finlands milj\u00f6central, kommunerna och privatpersoner. Vattenst\u00e5ndet i \u00e5ar, \u00e4lvar och sj\u00f6ar n\u00e4ra de normala niv\u00e5erna f\u00f6r juni [&hellip;]<\/p>\n","protected":false},"author":32,"featured_media":34951,"comment_status":"closed","ping_status":"closed","sticky":false,"template":"","format":"standard","meta":{"_acf_changed":false,"footnotes":""},"categories":[470,43],"tags":[],"class_list":["post-34950","post","type-post","status-publish","format-standard","has-post-thumbnail","hentry","category-vattensituationen-artiklar","category-nytt"],"acf":[],"aioseo_notices":[],"_links":{"self":[{"href":"https:\/\/www.vesi.fi\/sv\/wp-json\/wp\/v2\/posts\/34950","targetHints":{"allow":["GET"]}}],"collection":[{"href":"https:\/\/www.vesi.fi\/sv\/wp-json\/wp\/v2\/posts"}],"about":[{"href":"https:\/\/www.vesi.fi\/sv\/wp-json\/wp\/v2\/types\/post"}],"author":[{"embeddable":true,"href":"https:\/\/www.vesi.fi\/sv\/wp-json\/wp\/v2\/users\/32"}],"replies":[{"embeddable":true,"href":"https:\/\/www.vesi.fi\/sv\/wp-json\/wp\/v2\/comments?post=34950"}],"version-history":[{"count":2,"href":"https:\/\/www.vesi.fi\/sv\/wp-json\/wp\/v2\/posts\/34950\/revisions"}],"predecessor-version":[{"id":34954,"href":"https:\/\/www.vesi.fi\/sv\/wp-json\/wp\/v2\/posts\/34950\/revisions\/34954"}],"wp:featuredmedia":[{"embeddable":true,"href":"https:\/\/www.vesi.fi\/sv\/wp-json\/wp\/v2\/media\/34951"}],"wp:attachment":[{"href":"https:\/\/www.vesi.fi\/sv\/wp-json\/wp\/v2\/media?parent=34950"}],"wp:term":[{"taxonomy":"category","embeddable":true,"href":"https:\/\/www.vesi.fi\/sv\/wp-json\/wp\/v2\/categories?post=34950"},{"taxonomy":"post_tag","embeddable":true,"href":"https:\/\/www.vesi.fi\/sv\/wp-json\/wp\/v2\/tags?post=34950"}],"curies":[{"name":"wp","href":"https:\/\/api.w.org\/{rel}","templated":true}]}}