{"id":34266,"date":"2024-04-24T11:18:22","date_gmt":"2024-04-24T08:18:22","guid":{"rendered":"https:\/\/www.vesi.fi\/sv\/?p=34266"},"modified":"2024-04-24T12:38:56","modified_gmt":"2024-04-24T09:38:56","slug":"karteringen-av-oversvamningar-langs-tjock-a-borjar-osterbotten","status":"publish","type":"post","link":"https:\/\/www.vesi.fi\/sv\/karteringen-av-oversvamningar-langs-tjock-a-borjar-osterbotten\/","title":{"rendered":"Karteringen av \u00f6versv\u00e4mningar l\u00e4ngs Tj\u00f6ck \u00e5 b\u00f6rjar (\u00d6sterbotten)"},"content":{"rendered":"<div>\n<div>\n<p class=\"MsoQuote\">Kristinestads stad och NTM-centralen i S\u00f6dra \u00d6sterbotten samarbetar med att g\u00f6ra upp en kartering av \u00f6versv\u00e4mningshotade omr\u00e5den i det nedre loppet av Tj\u00f6ck \u00e5. Kartl\u00e4ggningen ger bra grundinformation bland annat f\u00f6r planeringen av markanv\u00e4ndningen i omr\u00e5det.<\/p>\n<p class=\"MsoNormal\">Arbetet omfattar geometrisk m\u00e4tning av f\u00e5rorna Tj\u00f6ck \u00e5 och Peninluoma, utarbetning av fl\u00f6desmodeller och en karta \u00f6ver \u00f6versv\u00e4mningshotade omr\u00e5den. NTM-centralen i S\u00f6dra \u00d6sterbotten har valt Maveplan Oy f\u00f6r arbetet och konsulten inleder f\u00e4ltm\u00e4tningarna redan i v\u00e5r. M\u00e4tningar av forsavsnitten och vattendragskonstruktionerna g\u00f6rs i sommar n\u00e4r det \u00e4r mindre vatten i f\u00e5rorna.<\/p>\n<p class=\"MsoNormal\">P\u00e5 basis av fl\u00f6desmodelleringen och Lantm\u00e4teriverkets datamaterial \u00f6ver terr\u00e4ngh\u00f6jden kan spridningen av vattenfl\u00f6det i de \u00f6versv\u00e4mningsk\u00e4nsliga omr\u00e5dena bed\u00f6mas. \u00d6versv\u00e4mningsobservationerna som beh\u00f6vs f\u00f6r att kalibrera fl\u00f6desmodellen kompletterades ocks\u00e5 under \u00e5rets v\u00e5rfl\u00f6de. Avsikten \u00e4r att kartan \u00f6ver \u00f6versv\u00e4mningshotade omr\u00e5den ska publiceras f\u00f6re slutet av \u00e5ret.<\/p>\n<p class=\"MsoNormal\">Det har intr\u00e4ffat flera hotande \u00f6versv\u00e4mningssituationer i Tj\u00f6ck \u00e5. Exempelvis i oktober 2012 h\u00f6jde st\u00f6rtregnet snabbt vattenfl\u00f6det i \u00e5n och fl\u00f6desvattnet t\u00e4ckte stora \u00e5keromr\u00e5den och kapade v\u00e4gar samt orsakade problem f\u00f6r bostadshus och vattent\u00e4kter. Snabbt stigande h\u00f6st\u00f6versv\u00e4mningar \u00e4r typiska f\u00f6r Tj\u00f6ck \u00e5.<\/p>\n<h3>Mer information fr\u00e5n NTM-centralen i S\u00f6dra \u00d6sterbotten:<\/h3>\n<p class=\"MsoNormal\">Vattenhush\u00e5llningsexpert Petter H\u00f6glund<br \/>\ntfn 0295 027 810, <a href=\"mailto:petter.hoglund@ntm-centralen.fi\">petter.hoglund@ntm-centralen.fi<\/a><\/p>\n<p class=\"MsoNormal\">Gruppchef Sari Yli-Mannila<br \/>\ntfn 0295 027 962, <a href=\"mailto:sari.yli-mannila@ntm-centralen.fi\">sari.yli-mannila@ntm-centralen.fi<\/a><\/p>\n<\/div>\n<\/div>\n","protected":false},"excerpt":{"rendered":"<p>Kristinestads stad och NTM-centralen i S\u00f6dra \u00d6sterbotten samarbetar med att g\u00f6ra upp en kartering av \u00f6versv\u00e4mningshotade omr\u00e5den i det nedre loppet av Tj\u00f6ck \u00e5. Kartl\u00e4ggningen ger bra grundinformation bland annat f\u00f6r planeringen av markanv\u00e4ndningen i omr\u00e5det. Arbetet omfattar geometrisk m\u00e4tning av f\u00e5rorna Tj\u00f6ck \u00e5 och Peninluoma, utarbetning av fl\u00f6desmodeller och en karta \u00f6ver \u00f6versv\u00e4mningshotade omr\u00e5den. [&hellip;]<\/p>\n","protected":false},"author":32,"featured_media":34269,"comment_status":"closed","ping_status":"closed","sticky":false,"template":"","format":"standard","meta":{"_acf_changed":false,"footnotes":""},"categories":[43],"tags":[],"class_list":["post-34266","post","type-post","status-publish","format-standard","has-post-thumbnail","hentry","category-nytt"],"acf":[],"aioseo_notices":[],"_links":{"self":[{"href":"https:\/\/www.vesi.fi\/sv\/wp-json\/wp\/v2\/posts\/34266","targetHints":{"allow":["GET"]}}],"collection":[{"href":"https:\/\/www.vesi.fi\/sv\/wp-json\/wp\/v2\/posts"}],"about":[{"href":"https:\/\/www.vesi.fi\/sv\/wp-json\/wp\/v2\/types\/post"}],"author":[{"embeddable":true,"href":"https:\/\/www.vesi.fi\/sv\/wp-json\/wp\/v2\/users\/32"}],"replies":[{"embeddable":true,"href":"https:\/\/www.vesi.fi\/sv\/wp-json\/wp\/v2\/comments?post=34266"}],"version-history":[{"count":2,"href":"https:\/\/www.vesi.fi\/sv\/wp-json\/wp\/v2\/posts\/34266\/revisions"}],"predecessor-version":[{"id":34268,"href":"https:\/\/www.vesi.fi\/sv\/wp-json\/wp\/v2\/posts\/34266\/revisions\/34268"}],"wp:featuredmedia":[{"embeddable":true,"href":"https:\/\/www.vesi.fi\/sv\/wp-json\/wp\/v2\/media\/34269"}],"wp:attachment":[{"href":"https:\/\/www.vesi.fi\/sv\/wp-json\/wp\/v2\/media?parent=34266"}],"wp:term":[{"taxonomy":"category","embeddable":true,"href":"https:\/\/www.vesi.fi\/sv\/wp-json\/wp\/v2\/categories?post=34266"},{"taxonomy":"post_tag","embeddable":true,"href":"https:\/\/www.vesi.fi\/sv\/wp-json\/wp\/v2\/tags?post=34266"}],"curies":[{"name":"wp","href":"https:\/\/api.w.org\/{rel}","templated":true}]}}