{"id":33916,"date":"2024-03-21T12:33:20","date_gmt":"2024-03-21T10:33:20","guid":{"rendered":"https:\/\/www.vesi.fi\/sv\/?p=33916"},"modified":"2024-03-21T13:26:41","modified_gmt":"2024-03-21T11:26:41","slug":"i-de-osterbottniska-landskapen-foreslas-fyra-omraden-anges-med-betydande-oversvamningsrisk-samradet-kring-forslaget-pagar","status":"publish","type":"post","link":"https:\/\/www.vesi.fi\/sv\/i-de-osterbottniska-landskapen-foreslas-fyra-omraden-anges-med-betydande-oversvamningsrisk-samradet-kring-forslaget-pagar\/","title":{"rendered":"I de \u00f6sterbottniska landskapen f\u00f6resl\u00e5s fyra omr\u00e5den anges med betydande \u00f6versv\u00e4mningsrisk \u2013 samr\u00e5det kring f\u00f6rslaget p\u00e5g\u00e5r"},"content":{"rendered":"<div>\n<div>\n<p class=\"MsoQuote\">NTM-centralen i S\u00f6dra \u00d6sterbotten har bed\u00f6mt riskerna f\u00f6r \u00f6versv\u00e4mningar i vattendragen och p\u00e5 grund av h\u00f6gt havsvattenst\u00e5nd i de \u00f6sterbottniska landskapen. Samr\u00e5det om f\u00f6rslaget till omr\u00e5den med \u00f6versv\u00e4mningsrisk p\u00e5g\u00e5r 15.3.-17.6.2024. Medborgare och intressegrupper \u00f6nskas ge respons om f\u00f6rslaget.<\/p>\n<p class=\"MsoNormal\">NTM-centralen f\u00f6resl\u00e5r att fyra omr\u00e5den anges som omr\u00e5den med betydande \u00f6versv\u00e4mningsrisk:<\/p>\n<ul>\n<li>Ilmajoki-Sein\u00e4joki (Kyro \u00e4lv)<\/li>\n<li>Ylistaro-Kvevlax (Kyro \u00e4lv)<\/li>\n<li>Laihela-Toby-Runsor (Toby-Laihela \u00e5)<\/li>\n<li>Lappfj\u00e4rd (Lappfj\u00e4rds \u00e5)<\/li>\n<\/ul>\n<p class=\"MsoNormal\">Ut\u00f6ver omr\u00e5dena med betydande \u00f6versv\u00e4mningsrisk har 12 andra omr\u00e5den med \u00f6versv\u00e4mningsrisk identifierats. P\u00e5 dessa omr\u00e5den planeras vid behov hur \u00f6versv\u00e4mningsriskerna kan f\u00f6rhindras och minskas.<\/p>\n<p class=\"MsoNormal\">Detta \u00e4r tredje g\u00e5ngen som den prelimin\u00e4ra bed\u00f6mningen av \u00f6versv\u00e4mningsrisker g\u00f6rs. En avvikelse fr\u00e5n tidigare planeringsperioder \u00e4r att denna g\u00e5ng f\u00f6resl\u00e5s inte Lappo anges som ett omr\u00e5de med betydande \u00f6versv\u00e4mningsrisk. Detta beror p\u00e5 den nya fl\u00f6desmodelleringen och de p\u00e5 omr\u00e5det tidigare genomf\u00f6rda noggrannare m\u00e4tningarna av byggh\u00f6jder. P\u00e5 basis av dessa uppgifter bed\u00f6ms \u00f6versv\u00e4mningsriskerna vara mindre \u00e4n vad som tidigare uppskattats. Lappo f\u00f6resl\u00e5s bli ett omr\u00e5de med \u00f6versv\u00e4mningsrisk, vilket inneb\u00e4r att det \u00e4ven i forts\u00e4ttningen \u00e4r viktigt att vara f\u00f6rberedd f\u00f6r \u00f6versv\u00e4mningar och att str\u00e4va efter att minska \u00f6versv\u00e4mningsriskerna.<\/p>\n<p class=\"MsoNormal\">Responsen som f\u00e5s fr\u00e5n medborgare och intressegrupper beaktas i det slutliga f\u00f6rslaget, som l\u00e4mnas in till Jord- och skogsbruksministeriet, som anger omr\u00e5dena med betydande \u00f6versv\u00e4mningsrisk i Finland senast 22.12.2024. \u00d6versv\u00e4mningsgrupper tills\u00e4tts i avrinningsomr\u00e5den d\u00e4r det finns omr\u00e5den med betydande \u00f6versv\u00e4mningsrisk. Dessutom utarbetas kartor \u00f6ver \u00f6versv\u00e4mningshotade omr\u00e5den och \u00f6versv\u00e4mningsriskomr\u00e5den som beskriver omr\u00e5det dit en \u00f6versv\u00e4mning kan sprida sig och vilka verksamheter kan orsakas skada av \u00f6versv\u00e4mningarna. Under de f\u00f6ljande \u00e5ren utarbetas ocks\u00e5 avrinningsvisa planer f\u00f6r hanteringen av \u00f6versv\u00e4mningsriskerna. I planerna framf\u00f6rs \u00e5tg\u00e4rderna f\u00f6r att f\u00f6rhindra och minska \u00f6versv\u00e4mningsriskerna.<\/p>\n<p class=\"MsoNormal\">De prelimin\u00e4ra bed\u00f6mningarna av \u00f6versv\u00e4mningsriskerna och f\u00f6rslagen till omr\u00e5den med \u00f6versv\u00e4mningsrisk i \u00d6sterbotten, S\u00f6dra \u00d6sterbotten och Mellersta \u00d6sterbotten finns p\u00e5 webbtj\u00e4nsten <a href=\"https:\/\/www.vesi.fi\/sv\/oversvamningar-i-landskapen-i-osterbotten\/\">vatten.fi<\/a> (vesi.fi):<\/p>\n<h3>Till\u00e4ggsuppgifter fr\u00e5n NTM-centralen i S\u00f6dra \u00d6sterbotten:<\/h3>\n<p class=\"MsoNormal\">Ledande vattenhush\u00e5llningsexpert Suvi Saarniaho-Uitto<br \/>\npuh. 0295 027 926<\/p>\n<p class=\"MsoNormal\">Gruppchef Sari Yli-Mannila<br \/>\ntfn 0295 027 962<\/p>\n<p>&nbsp;<\/p>\n<p class=\"MsoNormal\">Bild \u00a9 NTM-centralen i S\u00f6dra \u00d6sterbotten<\/p>\n<\/div>\n<\/div>\n","protected":false},"excerpt":{"rendered":"<p>NTM-centralen i S\u00f6dra \u00d6sterbotten har bed\u00f6mt riskerna f\u00f6r \u00f6versv\u00e4mningar i vattendragen och p\u00e5 grund av h\u00f6gt havsvattenst\u00e5nd i de \u00f6sterbottniska landskapen. Samr\u00e5det om f\u00f6rslaget till omr\u00e5den med \u00f6versv\u00e4mningsrisk p\u00e5g\u00e5r 15.3.-17.6.2024. Medborgare och intressegrupper \u00f6nskas ge respons om f\u00f6rslaget. NTM-centralen f\u00f6resl\u00e5r att fyra omr\u00e5den anges som omr\u00e5den med betydande \u00f6versv\u00e4mningsrisk: Ilmajoki-Sein\u00e4joki (Kyro \u00e4lv) Ylistaro-Kvevlax (Kyro \u00e4lv) [&hellip;]<\/p>\n","protected":false},"author":32,"featured_media":33917,"comment_status":"closed","ping_status":"closed","sticky":false,"template":"","format":"standard","meta":{"_acf_changed":false,"footnotes":""},"categories":[43],"tags":[],"class_list":["post-33916","post","type-post","status-publish","format-standard","has-post-thumbnail","hentry","category-nytt"],"acf":[],"aioseo_notices":[],"_links":{"self":[{"href":"https:\/\/www.vesi.fi\/sv\/wp-json\/wp\/v2\/posts\/33916","targetHints":{"allow":["GET"]}}],"collection":[{"href":"https:\/\/www.vesi.fi\/sv\/wp-json\/wp\/v2\/posts"}],"about":[{"href":"https:\/\/www.vesi.fi\/sv\/wp-json\/wp\/v2\/types\/post"}],"author":[{"embeddable":true,"href":"https:\/\/www.vesi.fi\/sv\/wp-json\/wp\/v2\/users\/32"}],"replies":[{"embeddable":true,"href":"https:\/\/www.vesi.fi\/sv\/wp-json\/wp\/v2\/comments?post=33916"}],"version-history":[{"count":3,"href":"https:\/\/www.vesi.fi\/sv\/wp-json\/wp\/v2\/posts\/33916\/revisions"}],"predecessor-version":[{"id":33922,"href":"https:\/\/www.vesi.fi\/sv\/wp-json\/wp\/v2\/posts\/33916\/revisions\/33922"}],"wp:featuredmedia":[{"embeddable":true,"href":"https:\/\/www.vesi.fi\/sv\/wp-json\/wp\/v2\/media\/33917"}],"wp:attachment":[{"href":"https:\/\/www.vesi.fi\/sv\/wp-json\/wp\/v2\/media?parent=33916"}],"wp:term":[{"taxonomy":"category","embeddable":true,"href":"https:\/\/www.vesi.fi\/sv\/wp-json\/wp\/v2\/categories?post=33916"},{"taxonomy":"post_tag","embeddable":true,"href":"https:\/\/www.vesi.fi\/sv\/wp-json\/wp\/v2\/tags?post=33916"}],"curies":[{"name":"wp","href":"https:\/\/api.w.org\/{rel}","templated":true}]}}