{"id":20013,"date":"2024-01-08T12:03:21","date_gmt":"2024-01-08T10:03:21","guid":{"rendered":"https:\/\/www.vesi.fi\/sv\/?p=20013"},"modified":"2024-02-12T18:31:42","modified_gmt":"2024-02-12T16:31:42","slug":"ny-reglering-av-vasterfjarden-anpassar-till-klimatforandringen-osterbotten","status":"publish","type":"post","link":"https:\/\/www.vesi.fi\/sv\/ny-reglering-av-vasterfjarden-anpassar-till-klimatforandringen-osterbotten\/","title":{"rendered":"Ny reglering av V\u00e4sterfj\u00e4rden anpassar till klimatf\u00f6r\u00e4ndringen (\u00d6sterbotten)"},"content":{"rendered":"<div>\n<div>\n<p class=\"MsoQuote\">NTM-centralen i S\u00f6dra \u00d6sterbotten har f\u00e5tt tillst\u00e5nd till en reglerings\u00e4ndring av V\u00e4sterfj\u00e4rdens s\u00f6tvattenbass\u00e4ng. Inga besv\u00e4r mot tillst\u00e5ndsbeslutet l\u00e4mnades in till Regionf\u00f6rvaltningsverket i V\u00e4stra och Inre Finland och d\u00e4rmed kommer den nya regleringspraxisen att tas i bruk redan under v\u00e5ren.<\/p>\n<p class=\"MsoNormal\">V\u00e4sterfj\u00e4rdens ursprungliga regleringstillst\u00e5nd utf\u00e4rdades \u00e5r 1976 och vattenniv\u00e5n har i enlighet med tillst\u00e5ndet h\u00e5llits l\u00e5g under tiden 1.4\u201320.5. I takt med klimatf\u00f6r\u00e4ndringens p\u00e5verkan har vintrarna blivit kortare och antalet sn\u00f6fattiga vintrar \u00f6kat. Detta har inneburit att det under vissa v\u00e5rar varit sv\u00e5rt att h\u00f6ja vattenst\u00e5ndet till sommarniv\u00e5n. De nya regleringsprinciperna m\u00f6jligg\u00f6r en flexibel reglering av v\u00e5rs\u00e4nkningens storlek, tidpunkt och l\u00e4ngd. Den obligatoriska kalenderbundna v\u00e5rs\u00e4nkningen faller bort och i framtiden s\u00e4nks vattenniv\u00e5 i bass\u00e4ngen utg\u00e5ende fr\u00e5n sn\u00f6situationen och vattendragsprognoserna.<\/p>\n<p class=\"MsoNormal\">I praktiken kommer inte de nya regleringsbest\u00e4mmelserna att inverka p\u00e5 vattenst\u00e5nden i V\u00e4sterfj\u00e4rden, f\u00f6rutom att v\u00e5rs\u00e4nkningen under sn\u00f6fattiga v\u00e5rar blir mindre och varaktigheten kortare. F\u00f6r\u00e4ndringen p\u00e5verkar inte \u00f6versv\u00e4mningsniv\u00e5erna i nedre loppet av N\u00e4rpes \u00e5 och leder heller inte till att \u00f6verskridningar av regleringsniv\u00e5erna blir vanligare. \u00c4ven fram\u00f6ver kan regleringsluckorna hantera fl\u00f6dena i N\u00e4rpes \u00e5. M\u00f6jligheterna till rekreationsbruk kommer att f\u00f6rb\u00e4ttras, eftersom vattenst\u00e5ndet mer tillf\u00f6rlitligt kan h\u00f6jas till normala sommarniv\u00e5er. Dessutom f\u00f6rb\u00e4ttrar avskaffandet av den obligatoriska v\u00e5rs\u00e4nkningen \u00e4ven sj\u00f6ns syresituation under v\u00e5ren och vintern eftersom vattenvolymen i bass\u00e4ngen bibeh\u00e5lls. I och med f\u00f6r\u00e4ndringen \u00f6kar ocks\u00e5 antalet yngelproduktionsomr\u00e5den n\u00e4ra stranden i maj-juni, vilket f\u00f6rb\u00e4ttrar reproduktionen av v\u00e5rlekande fisk. Reglerings\u00e4ndringens inverkan p\u00e5 vattenkvaliteten och vattenniv\u00e5erna kommer att f\u00f6ljas upp i enlighet med den godk\u00e4nda uppf\u00f6ljningsplanen.<\/p>\n<p class=\"MsoNormal\">V\u00e4sterfj\u00e4rdens s\u00f6tvattenbass\u00e4ng har byggts f\u00f6r att f\u00f6rs\u00f6rja skogsindustrin med vatten i samband med N\u00e4rpes \u00e5s regleringsprojekt i slutet av 1970-talet. Projektet beviljades \u00e5r 1976 vattenr\u00e4ttsligt tillst\u00e5nd, som sedan delvis har \u00e4ndrats \u00e5r 1997. Tillst\u00e5ndsinnehavare \u00e4r NTM-centralen i S\u00f6dra \u00d6sterbotten. Baserat p\u00e5 ett avtal ansvarar Mets\u00e4 Board Oyj f\u00f6r konstruktionerna och sk\u00f6tseln av regleringen i V\u00e4sterfj\u00e4rden.<\/p>\n<h3 class=\"MsoNormal\">Till\u00e4ggsinformation fr\u00e5n NTM-centralen i S\u00f6dra \u00d6sterbotten:<\/h3>\n<p class=\"MsoNormal\">p\u00e5 svenska:<\/p>\n<p class=\"MsoNormal\">Vattenhush\u00e5llningsexpert Petter H\u00f6glund,<br \/>\ntfn 0295 027 810<\/p>\n<p class=\"MsoNormal\">p\u00e5 finska:<\/p>\n<p class=\"MsoNormal\">Ledande vattenhush\u00e5llningsexpert Katja Haukilehto,<br \/>\ntfn 0295 027 794<\/p>\n<p class=\"MsoNormal\">Gruppchef Sari Yli-Mannila,<br \/>\ntfn 0295 027 962<\/p>\n<\/div>\n<\/div>\n","protected":false},"excerpt":{"rendered":"<p>NTM-centralen i S\u00f6dra \u00d6sterbotten har f\u00e5tt tillst\u00e5nd till en reglerings\u00e4ndring av V\u00e4sterfj\u00e4rdens s\u00f6tvattenbass\u00e4ng. Inga besv\u00e4r mot tillst\u00e5ndsbeslutet l\u00e4mnades in till Regionf\u00f6rvaltningsverket i V\u00e4stra och Inre Finland och d\u00e4rmed kommer den nya regleringspraxisen att tas i bruk redan under v\u00e5ren. V\u00e4sterfj\u00e4rdens ursprungliga regleringstillst\u00e5nd utf\u00e4rdades \u00e5r 1976 och vattenniv\u00e5n har i enlighet med tillst\u00e5ndet h\u00e5llits l\u00e5g under [&hellip;]<\/p>\n","protected":false},"author":32,"featured_media":2637,"comment_status":"closed","ping_status":"closed","sticky":false,"template":"","format":"standard","meta":{"_acf_changed":false,"footnotes":""},"categories":[43],"tags":[],"class_list":["post-20013","post","type-post","status-publish","format-standard","has-post-thumbnail","hentry","category-nytt"],"acf":[],"aioseo_notices":[],"_links":{"self":[{"href":"https:\/\/www.vesi.fi\/sv\/wp-json\/wp\/v2\/posts\/20013","targetHints":{"allow":["GET"]}}],"collection":[{"href":"https:\/\/www.vesi.fi\/sv\/wp-json\/wp\/v2\/posts"}],"about":[{"href":"https:\/\/www.vesi.fi\/sv\/wp-json\/wp\/v2\/types\/post"}],"author":[{"embeddable":true,"href":"https:\/\/www.vesi.fi\/sv\/wp-json\/wp\/v2\/users\/32"}],"replies":[{"embeddable":true,"href":"https:\/\/www.vesi.fi\/sv\/wp-json\/wp\/v2\/comments?post=20013"}],"version-history":[{"count":1,"href":"https:\/\/www.vesi.fi\/sv\/wp-json\/wp\/v2\/posts\/20013\/revisions"}],"predecessor-version":[{"id":20164,"href":"https:\/\/www.vesi.fi\/sv\/wp-json\/wp\/v2\/posts\/20013\/revisions\/20164"}],"wp:featuredmedia":[{"embeddable":true,"href":"https:\/\/www.vesi.fi\/sv\/wp-json\/wp\/v2\/media\/2637"}],"wp:attachment":[{"href":"https:\/\/www.vesi.fi\/sv\/wp-json\/wp\/v2\/media?parent=20013"}],"wp:term":[{"taxonomy":"category","embeddable":true,"href":"https:\/\/www.vesi.fi\/sv\/wp-json\/wp\/v2\/categories?post=20013"},{"taxonomy":"post_tag","embeddable":true,"href":"https:\/\/www.vesi.fi\/sv\/wp-json\/wp\/v2\/tags?post=20013"}],"curies":[{"name":"wp","href":"https:\/\/api.w.org\/{rel}","templated":true}]}}