{"id":19126,"date":"2023-08-04T09:33:26","date_gmt":"2023-08-04T06:33:26","guid":{"rendered":"https:\/\/www.vesi.fi\/sv\/?p=19126"},"modified":"2023-08-04T14:41:22","modified_gmt":"2023-08-04T11:41:22","slug":"vattenoversikt-for-juli-2023-i-slutet-av-juli-regnade-det-ovanligt-mycket-landskapen-i-osterbotten","status":"publish","type":"post","link":"https:\/\/www.vesi.fi\/sv\/vattenoversikt-for-juli-2023-i-slutet-av-juli-regnade-det-ovanligt-mycket-landskapen-i-osterbotten\/","title":{"rendered":"Vatten\u00f6versikt f\u00f6r juli 2023: I slutet av juli regnade det ovanligt mycket (landskapen i \u00d6sterbotten)"},"content":{"rendered":"<div>\n<div>\n<blockquote>\n<p class=\"MsoQuote\">Efter att juni varit en torr m\u00e5nad h\u00f6jdes vattenytorna i sj\u00f6arna av nederb\u00f6rden i b\u00f6rjan av juli, och i m\u00e5nga insj\u00f6ar uppn\u00e5ddes n\u00e4stan normala sommarvattenst\u00e5nd. P\u00e5 grund av det varma och regnfattiga v\u00e4dret b\u00f6rjade dock vattenytorna sjunka mot slutet av juli. Avtappningarna fr\u00e5n de reglerade sj\u00f6arna f\u00f6ljde huvudsakligen minimiavtappningarna enligt tillst\u00e5ndsvillkoren \u00e4nda fram till slutet av juli.<\/p>\n<\/blockquote>\n<p class=\"MsoNormal\">Den st\u00e4llvis mycket rikliga nederb\u00f6rden under sista veckoslutet i juli h\u00f6jde snabbt vattenytorna i insj\u00f6arna och \u00f6kade vattenf\u00f6ringen i \u00e5arna i de \u00f6sterbottniska landskapen. I synnerhet i Lappo \u00e5s och Esse \u00e5s vattendragsomr\u00e5den samt i Kumo \u00e4lvs \u00f6vre lopp i Etseri regnade det exceptionellt mycket. Exempelvis vid observationsstationen i Etseri f\u00f6ll 80 mm, i M\u00f6ksy i Alaj\u00e4rvi 69 mm och i Kaustby 59 mm regn under tiden 28\u201329.7.2023.Ocks\u00e5 bland annat Sein\u00e4joki, Alavus och Lappo uppm\u00e4tte medborgana regnm\u00e4ngder i samma storleksklass. Det regniga v\u00e4dret fortsatte under de sista dagarna i juli och i b\u00f6rjan av augusti. I juli var regnm\u00e4ngderna i M\u00f6ksy i Alaj\u00e4rvi sammanlagt 133 mm, medan den vanliga regnm\u00e4ngden i juli \u00e4r cirka 70\u201380 mm.<\/p>\n<h3>Vattenytorna steg och vattenf\u00f6ringarna \u00f6kade framf\u00f6r allt i Lappo \u00e5s, Esse \u00e5s och Perho \u00e5s vattendragsomr\u00e5den<\/h3>\n<p>I Lappo \u00e5s nedre lopp var vattenf\u00f6ringen i b\u00f6rjan av juli och efter mitten av m\u00e5naden endast 3\u20134 m3\/s. I b\u00f6rjan av augusti \u00f6kade vattenf\u00f6ringen i Lappo \u00e5s nedre lopp till niv\u00e5n 75 m3\/s. Enligt vattendragsprognoserna just nu stiger vattenytan i Lappo \u00e5 i Liinamaa i Kauhava i slutet av veckan till niv\u00e5er som ligger n\u00e4ra fl\u00f6desgr\u00e4nsen och vatten fl\u00f6dar s\u00e5ledes ut p\u00e5 de l\u00e4gsta \u00e5keromr\u00e5dena. Vattenytorna i de reglerade naturliga sj\u00f6arna i Lappo \u00e5s vattendragsomr\u00e5de steg trots \u00f6kad avtappning till niv\u00e5er n\u00e4ra regleringens \u00f6vre gr\u00e4nser. \u00c4ven vattenytorna i den konstgjorda sj\u00f6n Varpula och den konstgjorda sj\u00f6n Hirvij\u00e4rvi, som legat l\u00e4gre \u00e4n normalt, steg uppenbart. Enligt vattendragsprognoserna stiger vattenytan i Kuortaneenj\u00e4rvi fram till mitten av augusti till niv\u00e5n cirka N43 +76,10 m, som \u00e4r 60 cm \u00f6ver m\u00e5lniv\u00e5n f\u00f6r sommaren. I \u00e5r var v\u00e5rens fl\u00f6desh\u00f6jd i Kuortaneenj\u00e4rvi N43 +76,70 m.<\/p>\n<p class=\"MsoNormal\">I Esse \u00e5s vattendragsomr\u00e5de steg vattenytan i Kuninkaanjoki \u00e5 som mynnar ut i Alaj\u00e4rvi till v\u00e5rfl\u00f6desniv\u00e5er i slutet av juli och vatten fl\u00f6dade i stor utstr\u00e4ckning ut p\u00e5 \u00e5krarna. I juli l\u00e5g vattenytan i Lappaj\u00e4rvi huvudsakligen i n\u00e4rheten av m\u00e5lzonens \u00f6vre gr\u00e4ns, men b\u00f6rjade klart stiga i slutet av juli. I slutet av juli steg vattenytan med 14 cm p\u00e5 tre dygn. Vattenytan i Lappaj\u00e4rvi forts\u00e4tter att stiga i augusti trots st\u00f6rre avtappning. \u00c4ven i Evij\u00e4rvi steg vattenst\u00e5ndet till niv\u00e5er \u00f6ver m\u00e5lzonen som en f\u00f6ljd av nederb\u00f6rden.<\/p>\n<p class=\"MsoNormal\">I Tunkkari i Vetil var vattenf\u00f6ringen i Perho \u00e5 endast 4 m3\/s i b\u00f6rjan av juli. I b\u00f6rjan av augusti \u00f6kade vattenf\u00f6ringen till 34 m3\/s. Vattenytorna i de konstgjorda sj\u00f6arna l\u00e4ngs Perho \u00e5 steg som en f\u00f6ljd av regnet i slutet av juli till niv\u00e5er n\u00e4ra regleringens \u00f6vre gr\u00e4nser.<\/p>\n<h3>I Kyro \u00e4lvs vattendragsomr\u00e5de och kustens mindre avrinningsomr\u00e5den var nederb\u00f6rden i slutet av juli mindre<\/h3>\n<p class=\"MsoNormal\">I Kyro \u00e4lvs nedre lopp i Skatila var vattenf\u00f6ringen mindre \u00e4n vanligt i b\u00f6rjan av juli, dvs. endast cirka 6 m3\/s. I slutet av juli steg \u00f6kade vattenf\u00f6ringen till 77 m3\/s. I Sein\u00e4joki l\u00e5g vattenytorna i Kalaj\u00e4rvi och Kyrk\u00f6sj\u00e4rvi n\u00e4ra normala niv\u00e5er f\u00f6r juli m\u00e5nad. I N\u00e4rpes \u00e5s nedre lopp var vattenf\u00f6ringen i b\u00f6rjan av juli endast cirka 1 m3\/s. I slutet av juli var vattenf\u00f6ringen som st\u00f6rst 18 m3\/s. Vattenst\u00e5ndet i Kivi- ja Levalampi l\u00e5g n\u00e4ra normal niv\u00e5 f\u00f6r juli m\u00e5nad. I forts\u00e4ttningen p\u00e5verkas vattenf\u00f6ringarna och eventuella \u00f6versv\u00e4mningar v\u00e4sentligt p\u00e5 hur mycket regn som faller. N\u00e4r marken \u00e4r fuktig, h\u00f6jer regnvattnet vattenytorna ganska snabbt.<\/p>\n<h3>I juli varierade l\u00e4get betr\u00e4ffande bl\u00e5gr\u00f6na alger enligt v\u00e4dret<\/h3>\n<p class=\"MsoNormal\">I b\u00f6rjan av juli observerades endast lite bl\u00e5gr\u00f6na alger, men i mitten av m\u00e5naden \u00f6kade algm\u00e4ngden som en f\u00f6ljd av varmare v\u00e4der i synnerhet i insj\u00f6vattnen. Bland annat i Lappaj\u00e4rvi, Alaj\u00e4rvi och \u00c4ht\u00e4rinj\u00e4rvi observerades rikligt med bl\u00e5gr\u00f6na alger. Veckan efter mitten av m\u00e5naden observerades inga f\u00f6rekomster av bl\u00e5gr\u00f6na alger p\u00e5 grund av det bl\u00e5siga och regniga v\u00e4dret. I slutet av juli gjordes mer observationer av bl\u00e5gr\u00f6na alger, men m\u00e4ngden var i allm\u00e4nhet ganska liten. I kustomr\u00e5dena observerades bl\u00e5gr\u00f6na alger i slutet av juli i Karleby, Jakobstad, Nykarleby, V\u00f6r\u00e5, Korsholm, Vasa och Kask\u00f6. Den rikliga nederb\u00f6rden i slutet av juli sk\u00f6ljde ut n\u00e4rings\u00e4mnen och partiklar fr\u00e5n marken ut i vattendragen. Bland n\u00e4rings\u00e4mnena \u00e4r fosfatfosfor som s\u00e5dant l\u00e4mpligt f\u00f6r bl\u00e5gr\u00f6na alger.<\/p>\n<h3>Under den senaste tiden har grundvattenst\u00e5nden h\u00f6jts p\u00e5 grund av regnet<\/h3>\n<p class=\"MsoNormal\">Under juli var grundvattenytorna typiskt p\u00e5 v\u00e4g att sjunka. Det beror p\u00e5 det varma v\u00e4dret och vattenm\u00e4ngden som v\u00e4xterna beh\u00f6ver och st\u00f6rre avdunstning i och med detta. I slutet av m\u00e5naden b\u00f6rjade det regna och grundvattenytorna h\u00f6jdes p\u00e5 m\u00e5nga st\u00e4llen. I synnerhet sm\u00e5 f\u00f6rekomster reagerade snabbt p\u00e5 nederb\u00f6rden, men \u00e4ven i st\u00f6rre grundvattenf\u00f6rekomster b\u00f6rjade grundvattenytan att stiga. Det v\u00e4ntas dock att grundvattenst\u00e5nden forts\u00e4tter att sjunka tills att v\u00e4dret blir svalare och avdunstningen minskar. P\u00e5 de riksomfattande stationerna f\u00f6r grundvattenuppf\u00f6ljning ligger grundvattenst\u00e5ndet huvudsakligen p\u00e5 medelv\u00e4rdet, p\u00e5 stationen i B\u00f6tom lite h\u00f6gre och stationen i Alavus lite l\u00e4gre.<\/p>\n<p class=\"contactsingle-contact\"><strong>Mer information p\u00e5 webben:<\/strong><br \/>\n<a href=\"https:\/\/www.vesi.fi\/sv\/karttapalvelu\/\">Vattenprognoser och varningar (vatten.fi)<\/a><br \/>\n<a href=\"http:\/\/wwwi3.ymparisto.fi\/i3\/RealTime\/lsu.htm\">Vattensituationen i realtid (ymparisto.fi)<\/a><\/p>\n<p class=\"contactsingle-contact\"><strong>Mer information fr\u00e5n NTM-centralen i S\u00f6dra \u00d6sterbotten:<\/strong><\/p>\n<ul>\n<li class=\"contactsingle-contact\">Ledande vattenhush\u00e5llningsexpert Katja Haukilehto, puh. 0295 027 794 (reglering och vattenf\u00f6ring)<\/li>\n<li class=\"contactsingle-contact\">Vattenhush\u00e5llningsexpert Marko Aalto, puh. 0295 027 971 (reglering och vattenf\u00f6ring)<\/li>\n<li class=\"contactsingle-contact\">Vattenhush\u00e5llningsexpert Mika Tolonen, tfn 0295 027 949 (vattenkvalitet)<\/li>\n<li class=\"contactsingle-contact\">\u00d6verinspekt\u00f6r Krister Dalhem, puh. 0295 027 671 (grundvattnen)<\/li>\n<\/ul>\n<p>E-postadresserna bildas enligt modellen f\u00f6rnamn.efternamn@ely-keskus.fi<\/p>\n<\/div>\n<\/div>\n","protected":false},"excerpt":{"rendered":"<p>Efter att juni varit en torr m\u00e5nad h\u00f6jdes vattenytorna i sj\u00f6arna av nederb\u00f6rden i b\u00f6rjan av juli, och i m\u00e5nga insj\u00f6ar uppn\u00e5ddes n\u00e4stan normala sommarvattenst\u00e5nd. P\u00e5 grund av det varma och regnfattiga v\u00e4dret b\u00f6rjade dock vattenytorna sjunka mot slutet av juli. Avtappningarna fr\u00e5n de reglerade sj\u00f6arna f\u00f6ljde huvudsakligen minimiavtappningarna enligt tillst\u00e5ndsvillkoren \u00e4nda fram till slutet [&hellip;]<\/p>\n","protected":false},"author":32,"featured_media":19127,"comment_status":"closed","ping_status":"closed","sticky":false,"template":"","format":"standard","meta":{"_acf_changed":false,"footnotes":""},"categories":[43],"tags":[],"class_list":["post-19126","post","type-post","status-publish","format-standard","has-post-thumbnail","hentry","category-nytt"],"acf":[],"aioseo_notices":[],"_links":{"self":[{"href":"https:\/\/www.vesi.fi\/sv\/wp-json\/wp\/v2\/posts\/19126","targetHints":{"allow":["GET"]}}],"collection":[{"href":"https:\/\/www.vesi.fi\/sv\/wp-json\/wp\/v2\/posts"}],"about":[{"href":"https:\/\/www.vesi.fi\/sv\/wp-json\/wp\/v2\/types\/post"}],"author":[{"embeddable":true,"href":"https:\/\/www.vesi.fi\/sv\/wp-json\/wp\/v2\/users\/32"}],"replies":[{"embeddable":true,"href":"https:\/\/www.vesi.fi\/sv\/wp-json\/wp\/v2\/comments?post=19126"}],"version-history":[{"count":3,"href":"https:\/\/www.vesi.fi\/sv\/wp-json\/wp\/v2\/posts\/19126\/revisions"}],"predecessor-version":[{"id":19137,"href":"https:\/\/www.vesi.fi\/sv\/wp-json\/wp\/v2\/posts\/19126\/revisions\/19137"}],"wp:featuredmedia":[{"embeddable":true,"href":"https:\/\/www.vesi.fi\/sv\/wp-json\/wp\/v2\/media\/19127"}],"wp:attachment":[{"href":"https:\/\/www.vesi.fi\/sv\/wp-json\/wp\/v2\/media?parent=19126"}],"wp:term":[{"taxonomy":"category","embeddable":true,"href":"https:\/\/www.vesi.fi\/sv\/wp-json\/wp\/v2\/categories?post=19126"},{"taxonomy":"post_tag","embeddable":true,"href":"https:\/\/www.vesi.fi\/sv\/wp-json\/wp\/v2\/tags?post=19126"}],"curies":[{"name":"wp","href":"https:\/\/api.w.org\/{rel}","templated":true}]}}