{"id":19113,"date":"2023-08-03T13:18:20","date_gmt":"2023-08-03T10:18:20","guid":{"rendered":"https:\/\/www.vesi.fi\/sv\/?p=19113"},"modified":"2023-08-03T14:46:40","modified_gmt":"2023-08-03T11:46:40","slug":"lugnt-lage-nar-det-galler-blagrona-alger-i-de-osterbottniska-landskapen-ntm-centralen-i-sodra-osterbotten","status":"publish","type":"post","link":"https:\/\/www.vesi.fi\/sv\/lugnt-lage-nar-det-galler-blagrona-alger-i-de-osterbottniska-landskapen-ntm-centralen-i-sodra-osterbotten\/","title":{"rendered":"Lugnt l\u00e4ge n\u00e4r det g\u00e4ller bl\u00e5gr\u00f6na alger i de \u00f6sterbottniska landskapen (NTM-centralen i S\u00f6dra \u00d6sterbotten)"},"content":{"rendered":"<div>\n<div>\n<p class=\"MsoQuote\">Under vecka 31 har v\u00e4dret varit ostadigt, vilket avspeglas som lugnare l\u00e4ge i fr\u00e5ga om bl\u00e5gr\u00f6na alger i insj\u00f6vattenomr\u00e5dena. Det \u00e4r \u00e4nnu m\u00f6jligt att det blir varmt i augusti, vilket betyder att situationen kan \u00e4ndra snabbt enligt v\u00e4derleken. I havsomr\u00e5dena forts\u00e4tter situationen p\u00e5 samma s\u00e4tt som f\u00f6rra veckan och alger har observerats p\u00e5 flera punkter l\u00e4ngs hela den \u00f6sterbottniska kusten.<\/p>\n<p class=\"MsoNormal\"><b>I den riksomfattande alguppf\u00f6ljningen i havsomr\u00e5det<\/b> har lite bl\u00e5gr\u00f6na alger observerats utanf\u00f6r Jakobstad i Larsmo kustomr\u00e5de. I alguppf\u00f6ljningen som Rotary g\u00f6r har en aning bl\u00e5gr\u00f6na alger observerats i omr\u00e5det Kask\u00f6-Kristinestad vid Vackergrund och Skatsk\u00e4rviken. Medborgarna har observerat sm\u00e5 f\u00f6rekomster av bl\u00e5gr\u00f6na alger utanf\u00f6r Vasa vid Svedjesk\u00e4r, Iskmo \u00d6n i Korsholm, Hov\u00f6tren i Nykarleby och M\u00f6ller sm\u00e5b\u00e5tshamn i Karleby.<\/p>\n<p class=\"MsoNormal\"><b>I insj\u00f6vattnen <\/b>har inga bl\u00e5gr\u00f6na alger observerats p\u00e5 de officiella kontrollplatserna. Medborgaobservationer har inte heller antecknats f\u00f6r insj\u00f6vattnen under denna vecka.<\/p>\n<p class=\"MsoNormal\">F\u00f6rekomsten av bl\u00e5gr\u00f6na alger \u00e4r ofta lokal, och det kan f\u00f6rekomma bl\u00e5gr\u00f6na alger \u00e4ven i andra \u00e4n de ovan n\u00e4mnda omr\u00e5dena. Observationerna inom uppf\u00f6ljningen av bl\u00e5gr\u00f6na alger ger information om l\u00e4get p\u00e5 observationsplatsen endast vid tidpunkten i fr\u00e5ga och l\u00e4get kan f\u00f6r\u00e4ndras snabbt om v\u00e4derf\u00f6rh\u00e5llandena f\u00f6r\u00e4ndras.<\/p>\n<p class=\"MsoNormal\">Bl\u00e5gr\u00f6na alger trivs i synnerhet i n\u00e4ringsrikt och varmt vatten. N\u00e4r det \u00e4r vindstilla, soligt och varmt v\u00e4der \u00f6kar f\u00f6rekomsten av bl\u00e5gr\u00f6na alger och de flyter upp till vattenytan. Kraftiga regn leder till att n\u00e4rings\u00e4mnen rinner ut i vattendragen, vilket skapar gynnsamma f\u00f6rh\u00e5llanden f\u00f6r algerna att \u00f6ka. Sm\u00e5 m\u00e4ngder bl\u00e5gr\u00f6na alger f\u00f6rekommer i vattnet som gr\u00f6n- eller gulaktiga smulor och n\u00e4r de driver till stranden, kan det uppst\u00e5 smala r\u00e4nder av alger. Om m\u00e4ngden bl\u00e5gr\u00f6na alger \u00e4r stor, bildas det vid vindstilla v\u00e4der gr\u00f6n- eller gulaktiga stora ansamlingar p\u00e5 vattenytan och de anhopas ocks\u00e5 vid str\u00e4nderna. Om v\u00e4dret \u00e4r bl\u00e5sigt blir algerna sv\u00e5rare att m\u00e4rka, f\u00f6r d\u00e5 sprids st\u00f6rre algf\u00f6rekomster ut och blandas i vattenmassan. Riktigt kraftiga f\u00f6rekomster kan p\u00e5minna om tjock m\u00e5lf\u00e4rg eller \u00e4rtsoppa.<\/p>\n<p class=\"MsoNormal\">Innan man tar sig ett dopp eller anv\u00e4nder sj\u00f6- eller havsvatten \u00e4r det sk\u00e4l att granska vattnet med tanke p\u00e5 eventuella bl\u00e5gr\u00f6na alger. Om det i vattnet ser ut att finnas gr\u00f6naktiga korn eller vattnet \u00e4r gr\u00f6nf\u00e4rgat, \u00e4r det bra att g\u00f6ra ett dricksglastest. D\u00e5 vattnet st\u00e5r stilla i t.ex. ett dricksglas, flyter bl\u00e5gr\u00f6na alger upp till ytan p\u00e5 ungef\u00e4r en timme. Det g\u00e5r ocks\u00e5 att anv\u00e4nda en k\u00e4pp f\u00f6r att testa om det \u00e4r fr\u00e5gan om bl\u00e5gr\u00f6na alger. Om man f\u00f6rs\u00f6ker lyfta algerna med en k\u00e4pp och de h\u00e4nger kvar i k\u00e4ppen, \u00e4r det fr\u00e5gan om n\u00e5gon annan alg \u00e4n bl\u00e5gr\u00f6na alger. Bl\u00e5gr\u00f6na alger h\u00e4nger d\u00e4remot inte kvar p\u00e5 k\u00e4ppen. Om du misst\u00e4nker att det kan finnas bl\u00e5gr\u00f6na alger i vattnet, \u00e4r det bra att iaktta s\u00e4rskild f\u00f6rsiktighet och inte anv\u00e4nda vattnet som bastu-, tv\u00e4tt- eller bevattningsvatten. I synnerhet sm\u00e5barn och husdjur ska h\u00e5llas borta fr\u00e5n vatten d\u00e4r det finns bl\u00e5gr\u00f6na alger. Vatten d\u00e4r det finns bl\u00e5gr\u00f6na alger kan orsaka hudsymptom, irriterade \u00f6gon och illam\u00e5ende.<\/p>\n<p class=\"MsoNormal\">Aktuella uppgifter om algl\u00e4get finns i J\u00e4rvi-Meriwiki (ww.jarviwiki.fi). Medborgarna kan ocks\u00e5 meddela sina observationer i samma tj\u00e4nst. Med Havaintol\u00e4hetti-appen g\u00e5r det enkelt att spara observationer \u00e4ven med mobiltelefonen. Observationer av bl\u00e5gr\u00f6na alger kan ocks\u00e5 meddelas till NTM-centralen i S\u00f6dra \u00d6sterbottens alguppf\u00f6ljningstelefon p\u00e5 nummer 0295 027\u00a0990.<\/p>\n<h3 class=\"MsoNormal\">Mer information:<\/h3>\n<p class=\"MsoNormal\">Alguppf\u00f6ljningstelefon 0295 027\u202f990<br \/>\n<a href=\"https:\/\/www.jarviwiki.fi\/wiki\/Etusivu\">J\u00e4rvi-meriwiki<\/a><\/p>\n<p class=\"MsoNormal\">Bildtext: Uppifr\u00e5n sett rikligt med bl\u00e5gr\u00f6na alger i strandvattnet i en sj\u00f6. N\u00e4r det \u00e4r vindstilla v\u00e4der \u00e4r det l\u00e4tt at se bl\u00e5gr\u00f6na alger, eftersom de inte blandas upp i vattenmassan utan samlas p\u00e5 vattenytan i strimmor eller ansamlingar.<\/p>\n<\/div>\n<\/div>\n","protected":false},"excerpt":{"rendered":"<p>Under vecka 31 har v\u00e4dret varit ostadigt, vilket avspeglas som lugnare l\u00e4ge i fr\u00e5ga om bl\u00e5gr\u00f6na alger i insj\u00f6vattenomr\u00e5dena. Det \u00e4r \u00e4nnu m\u00f6jligt att det blir varmt i augusti, vilket betyder att situationen kan \u00e4ndra snabbt enligt v\u00e4derleken. I havsomr\u00e5dena forts\u00e4tter situationen p\u00e5 samma s\u00e4tt som f\u00f6rra veckan och alger har observerats p\u00e5 flera punkter [&hellip;]<\/p>\n","protected":false},"author":32,"featured_media":19114,"comment_status":"closed","ping_status":"closed","sticky":false,"template":"","format":"standard","meta":{"_acf_changed":false,"footnotes":""},"categories":[43],"tags":[],"class_list":["post-19113","post","type-post","status-publish","format-standard","has-post-thumbnail","hentry","category-nytt"],"acf":[],"aioseo_notices":[],"_links":{"self":[{"href":"https:\/\/www.vesi.fi\/sv\/wp-json\/wp\/v2\/posts\/19113","targetHints":{"allow":["GET"]}}],"collection":[{"href":"https:\/\/www.vesi.fi\/sv\/wp-json\/wp\/v2\/posts"}],"about":[{"href":"https:\/\/www.vesi.fi\/sv\/wp-json\/wp\/v2\/types\/post"}],"author":[{"embeddable":true,"href":"https:\/\/www.vesi.fi\/sv\/wp-json\/wp\/v2\/users\/32"}],"replies":[{"embeddable":true,"href":"https:\/\/www.vesi.fi\/sv\/wp-json\/wp\/v2\/comments?post=19113"}],"version-history":[{"count":2,"href":"https:\/\/www.vesi.fi\/sv\/wp-json\/wp\/v2\/posts\/19113\/revisions"}],"predecessor-version":[{"id":19115,"href":"https:\/\/www.vesi.fi\/sv\/wp-json\/wp\/v2\/posts\/19113\/revisions\/19115"}],"wp:featuredmedia":[{"embeddable":true,"href":"https:\/\/www.vesi.fi\/sv\/wp-json\/wp\/v2\/media\/19114"}],"wp:attachment":[{"href":"https:\/\/www.vesi.fi\/sv\/wp-json\/wp\/v2\/media?parent=19113"}],"wp:term":[{"taxonomy":"category","embeddable":true,"href":"https:\/\/www.vesi.fi\/sv\/wp-json\/wp\/v2\/categories?post=19113"},{"taxonomy":"post_tag","embeddable":true,"href":"https:\/\/www.vesi.fi\/sv\/wp-json\/wp\/v2\/tags?post=19113"}],"curies":[{"name":"wp","href":"https:\/\/api.w.org\/{rel}","templated":true}]}}