{"id":19004,"date":"2023-07-13T13:58:23","date_gmt":"2023-07-13T10:58:23","guid":{"rendered":"https:\/\/www.vesi.fi\/sv\/?p=19004"},"modified":"2023-07-13T15:06:10","modified_gmt":"2023-07-13T12:06:10","slug":"fler-observationer-av-blagrona-alger-an-under-de-foregaende-veckorna-i-de-osterbottniska-landskapen-ntm-centralen-i-sodra-osterbotten","status":"publish","type":"post","link":"https:\/\/www.vesi.fi\/sv\/fler-observationer-av-blagrona-alger-an-under-de-foregaende-veckorna-i-de-osterbottniska-landskapen-ntm-centralen-i-sodra-osterbotten\/","title":{"rendered":"Fler observationer av bl\u00e5gr\u00f6na alger \u00e4n under de f\u00f6reg\u00e5ende veckorna i de \u00f6sterbottniska landskapen"},"content":{"rendered":"<div>\n<div>\n<blockquote>\n<p class=\"MsoQuote\">Under vecka 28 har observationerna av bl\u00e5gr\u00f6na alger \u00f6kat p\u00e5 grund av det varma v\u00e4dret i S\u00f6dra \u00d6sterbotten, \u00d6sterbotten och Mellersta \u00d6sterbotten. Bl\u00e5gr\u00f6na alger har observerats p\u00e5 flera platser i insj\u00f6omr\u00e5det och st\u00e4llvis l\u00e4ngs kusten i Karlebytrakten. I Vasatrakten och i de sydliga delarna av \u00d6sterbotten \u00e4r algl\u00e4get lugnt: det har inte observerats bl\u00e5gr\u00f6na alger vid kustens platser som ing\u00e5r i den nationella alguppf\u00f6ljningen och det har inte heller kommit in observationer fr\u00e5n medborgare. Om man j\u00e4mf\u00f6r med medelv\u00e4rdet f\u00f6r f\u00f6rekomsten av bl\u00e5gr\u00f6na alger \u00e5ren 1998\u20132022 enligt J\u00e4rvi-Meriwiki, finns det f\u00f6r n\u00e4rvarande mer bl\u00e5gr\u00f6na alger.<\/p>\n<\/blockquote>\n<p class=\"MsoNormal\"><b>I insj\u00f6omr\u00e5dena<\/b> p\u00e5 de platser som ing\u00e5r i den nationella alguppf\u00f6ljningen har rikliga m\u00e4ngder bl\u00e5gr\u00f6na alger observerats i Lakaniemi i Lappaj\u00e4rvi och vid badstranden i Hoisko i Alaj\u00e4rvi samt sm\u00e5 m\u00e4ngder vid badstranden i Hauta-Aho i Alaj\u00e4rvi. I Lappaj\u00e4rvi har det \u00e4ven gjorts m\u00e5nga medborgarobservationer om rikliga m\u00e4ngder bl\u00e5gr\u00f6na alger l\u00e4ngs str\u00e4nderna i den s\u00f6dra och mellersta delen av sj\u00f6n Lappaj\u00e4rvi, medan algf\u00f6rekomsten har bed\u00f6mts vara mindre i den norra delen. I sj\u00f6n \u00c4ht\u00e4rinj\u00e4rvi f\u00f6rekommer det ringa m\u00e4ngder bl\u00e5gr\u00f6na alger vid flera platser i den nationella uppf\u00f6ljningen l\u00e4ngs hela sj\u00f6n och rikliga m\u00e4ngder bl\u00e5gr\u00f6na alger uppges det enligt medborgarobservationer f\u00f6rekomma i sj\u00f6ns mellersta omr\u00e5de. Medborgarobservationer om bl\u00e5gr\u00f6na alger har \u00e4ven kommit fr\u00e5n Kirkkoj\u00e4rvi i Alavo, K\u00e4tk\u00e4nj\u00e4rvi i Alaj\u00e4rvi, Ullavanj\u00e4rvi i Karleby och Peckassj\u00f6n i Kronoby. Milj\u00f6h\u00e4lsov\u00e5rden i Mellersta \u00d6sterbotten har observerat sm\u00e5 m\u00e4ngder bl\u00e5gr\u00f6na alger vid badstr\u00e4nderna i Heimsj\u00f6, Pr\u00e4stland och Seljes.<\/p>\n<p class=\"MsoNormal\"><b>I havsomr\u00e5dena<\/b> har milj\u00f6h\u00e4lsov\u00e5rden i \u00d6sterbotten observerat ringa m\u00e4ngder bl\u00e5gr\u00f6na alger vid badstr\u00e4nderna i Gamla Hamnviken och Lahdenper\u00e4 och rikliga m\u00e4ngder vid R\u00f6dbergen. I medborgarobservationerna har rikliga algm\u00e4ngder uppgetts vid Palmahovi och Marinkais. P\u00e5 satellitbilderna i Finlands milj\u00f6centrals tj\u00e4nst Tarkka+ observerades eventuellt bl\u00e5gr\u00f6na alger cirka 5 kilometer fr\u00e5n kusten i h\u00f6jd med Korsn\u00e4s ute p\u00e5 det \u00f6ppna havet.<\/p>\n<p class=\"MsoNormal\">F\u00f6rekomsten av bl\u00e5gr\u00f6na alger \u00e4r ofta lokal, och det kan f\u00f6rekomma bl\u00e5gr\u00f6na alger \u00e4ven i andra \u00e4n de ovan n\u00e4mnda omr\u00e5dena. Observationerna inom uppf\u00f6ljningen av bl\u00e5gr\u00f6na alger ger information om l\u00e4get p\u00e5 observationsplatsen endast vid tidpunkten i fr\u00e5ga och l\u00e4get kan f\u00f6r\u00e4ndras snabbt om v\u00e4derf\u00f6rh\u00e5llandena f\u00f6r\u00e4ndras.<\/p>\n<p class=\"MsoNormal\">Bl\u00e5gr\u00f6na alger trivs s\u00e4rskilt i n\u00e4ringsrikt, varmt vatten. N\u00e4r det \u00e4r vindstilla, soligt och varmt v\u00e4der \u00f6kar f\u00f6rekomsten av bl\u00e5gr\u00f6na alger och de flyter upp till vattenytan. Kraftiga regn leder till att n\u00e4rings\u00e4mnen rinner ut i vattendragen, vilket skapar gynnsamma f\u00f6rh\u00e5llanden f\u00f6r algerna att \u00f6ka. Sm\u00e5 m\u00e4ngder bl\u00e5gr\u00f6na alger f\u00f6rekommer i vattnet som gr\u00f6n- eller gulaktiga smulor och n\u00e4r de driver till stranden, kan det uppst\u00e5 smala r\u00e4nder av alger. Om m\u00e4ngden bl\u00e5gr\u00f6na alger \u00e4r stor, bildas det vid vindstilla v\u00e4der gr\u00f6n- eller gulaktiga stora ansamlingar p\u00e5 vattenytan och de anhopas ocks\u00e5 vid str\u00e4nderna. Om v\u00e4dret \u00e4r bl\u00e5sigt blir algerna sv\u00e5rare att m\u00e4rka, f\u00f6r d\u00e5 sprids st\u00f6rre algf\u00f6rekomster ut och blandas i vattenmassan. Riktigt kraftiga f\u00f6rekomster kan p\u00e5minna om tjock m\u00e5lf\u00e4rg eller \u00e4rtsoppa.<\/p>\n<p class=\"MsoNormal\">Innan man tar sig ett dopp eller anv\u00e4nder sj\u00f6- eller havsvatten \u00e4r det sk\u00e4l att granska vattnet med tanke p\u00e5 eventuella bl\u00e5gr\u00f6na alger. Om det i vattnet ser ut att finnas gr\u00f6naktiga korn eller vattnet\u00a0\u00e4r gr\u00f6nf\u00e4rgat, \u00e4r det bra att g\u00f6ra ett dricksglastest. D\u00e5 vattnet st\u00e5r stilla i t.ex. ett dricksglas, flyter bl\u00e5gr\u00f6na alger upp till ytan p\u00e5 ungef\u00e4r en timme. Det g\u00e5r ocks\u00e5 att anv\u00e4nda en k\u00e4pp f\u00f6r att testa om det \u00e4r fr\u00e5gan om bl\u00e5gr\u00f6na alger. Om man f\u00f6rs\u00f6ker lyfta algerna med en k\u00e4pp och de h\u00e4nger kvar i k\u00e4ppen, \u00e4r det fr\u00e5gan om n\u00e5gon annan alg \u00e4n bl\u00e5gr\u00f6na alger. Bl\u00e5gr\u00f6na alger h\u00e4nger d\u00e4remot inte kvar p\u00e5 k\u00e4ppen. Om du misst\u00e4nker att det kan finnas bl\u00e5gr\u00f6na alger i vattnet, \u00e4r det bra att iaktta s\u00e4rskild f\u00f6rsiktighet och inte anv\u00e4nda vattnet som bastu-, tv\u00e4tt- eller bevattningsvatten. I synnerhet sm\u00e5barn och husdjur ska h\u00e5llas borta fr\u00e5n vatten d\u00e4r det finns bl\u00e5gr\u00f6na alger. Vatten med bl\u00e5gr\u00f6na alger kan orsaka bland annat hudsymptom, \u00f6gonirritation och illam\u00e5ende.<\/p>\n<p class=\"MsoNormal\">Aktuella uppgifter om algl\u00e4get finns i J\u00e4rvi-Meriwiki (ww.jarviwiki.fi). Medborgarna kan ocks\u00e5 meddela sina observationer i samma tj\u00e4nst. Med Havaintol\u00e4hetti-appen g\u00e5r det enkelt att spara observationer \u00e4ven med mobiltelefonen. Observationer av bl\u00e5gr\u00f6na alger kan ocks\u00e5 meddelas till NTM-centralen i S\u00f6dra \u00d6sterbottens alguppf\u00f6ljningstelefon p\u00e5 nummer 0295 027 990.<\/p>\n<h3>Mer information:<\/h3>\n<p class=\"MsoNormal\">Alguppf\u00f6ljningstelefonen 0295 027 990<\/p>\n<p class=\"MsoNormal\">J\u00e4rviwiki <a href=\"http:\/\/www.jarviwiki.fi\"> www.jarviwiki.fi<\/a><\/p>\n<p>Bild:<\/p>\n<p class=\"MsoNormal\">I Juurikaslahti i den \u00f6stra delen av Lappaj\u00e4rvi observerades det rikliga m\u00e4ngder bl\u00e5gr\u00f6na alger p\u00e5 onsdag 12.7.2023. Det vindstilla, varma v\u00e4dret gjorde att det samlades rikligt med bl\u00e5gr\u00f6na alger vid stranden.<\/p>\n<\/div>\n<\/div>\n","protected":false},"excerpt":{"rendered":"<p>Under vecka 28 har observationerna av bl\u00e5gr\u00f6na alger \u00f6kat p\u00e5 grund av det varma v\u00e4dret i S\u00f6dra \u00d6sterbotten, \u00d6sterbotten och Mellersta \u00d6sterbotten. Bl\u00e5gr\u00f6na alger har observerats p\u00e5 flera platser i insj\u00f6omr\u00e5det och st\u00e4llvis l\u00e4ngs kusten i Karlebytrakten. I Vasatrakten och i de sydliga delarna av \u00d6sterbotten \u00e4r algl\u00e4get lugnt: det har inte observerats bl\u00e5gr\u00f6na alger [&hellip;]<\/p>\n","protected":false},"author":32,"featured_media":19005,"comment_status":"closed","ping_status":"closed","sticky":false,"template":"","format":"standard","meta":{"_acf_changed":false,"footnotes":""},"categories":[43],"tags":[],"class_list":["post-19004","post","type-post","status-publish","format-standard","has-post-thumbnail","hentry","category-nytt"],"acf":[],"aioseo_notices":[],"_links":{"self":[{"href":"https:\/\/www.vesi.fi\/sv\/wp-json\/wp\/v2\/posts\/19004","targetHints":{"allow":["GET"]}}],"collection":[{"href":"https:\/\/www.vesi.fi\/sv\/wp-json\/wp\/v2\/posts"}],"about":[{"href":"https:\/\/www.vesi.fi\/sv\/wp-json\/wp\/v2\/types\/post"}],"author":[{"embeddable":true,"href":"https:\/\/www.vesi.fi\/sv\/wp-json\/wp\/v2\/users\/32"}],"replies":[{"embeddable":true,"href":"https:\/\/www.vesi.fi\/sv\/wp-json\/wp\/v2\/comments?post=19004"}],"version-history":[{"count":2,"href":"https:\/\/www.vesi.fi\/sv\/wp-json\/wp\/v2\/posts\/19004\/revisions"}],"predecessor-version":[{"id":19008,"href":"https:\/\/www.vesi.fi\/sv\/wp-json\/wp\/v2\/posts\/19004\/revisions\/19008"}],"wp:featuredmedia":[{"embeddable":true,"href":"https:\/\/www.vesi.fi\/sv\/wp-json\/wp\/v2\/media\/19005"}],"wp:attachment":[{"href":"https:\/\/www.vesi.fi\/sv\/wp-json\/wp\/v2\/media?parent=19004"}],"wp:term":[{"taxonomy":"category","embeddable":true,"href":"https:\/\/www.vesi.fi\/sv\/wp-json\/wp\/v2\/categories?post=19004"},{"taxonomy":"post_tag","embeddable":true,"href":"https:\/\/www.vesi.fi\/sv\/wp-json\/wp\/v2\/tags?post=19004"}],"curies":[{"name":"wp","href":"https:\/\/api.w.org\/{rel}","templated":true}]}}