{"id":18951,"date":"2023-07-06T14:48:25","date_gmt":"2023-07-06T11:48:25","guid":{"rendered":"https:\/\/www.vesi.fi\/sv\/?p=18951"},"modified":"2023-07-06T15:23:12","modified_gmt":"2023-07-06T12:23:12","slug":"inga-stora-forandringar-i-algsituationen-i-de-osterbottniska-landskapen","status":"publish","type":"post","link":"https:\/\/www.vesi.fi\/sv\/inga-stora-forandringar-i-algsituationen-i-de-osterbottniska-landskapen\/","title":{"rendered":"Inga stora f\u00f6r\u00e4ndringar i algsituationen i de \u00f6sterbottniska landskapen"},"content":{"rendered":"<div>\n<div>\n<p class=\"MsoQuote\">Under vecka 27 har observationerna av bl\u00e5gr\u00f6na alger \u00f6kat n\u00e5got. Det svalare v\u00e4dret kan g\u00f6ra l\u00e4get lugnare, men n\u00e4r v\u00e4dret blir varmare igen kan f\u00f6rekomsten av bl\u00e5gr\u00f6na alger \u00f6ka snabbt.<\/p>\n<p class=\"MsoNormal\"><b>I insj\u00f6omr\u00e5dena<\/b> p\u00e5 de platser som ing\u00e5r i den nationella bl\u00e5gr\u00f6nalguppf\u00f6ljningen har sm\u00e5 m\u00e4ngder bl\u00e5gr\u00f6na alger observerats vid b\u00e5thamnen i sj\u00f6n Per\u00e4nne i Etseri, Suninsalmi i sj\u00f6n \u00c4ht\u00e4rinj\u00e4rvi, \u00c4ht\u00e4rinrannan koulu och Kannuslahti.<\/p>\n<p class=\"MsoNormal\"><b>I havsomr\u00e5dena<\/b> observerades p\u00e5 satellitbilder i Finlands milj\u00f6centrals tj\u00e4nst Tarkka+ torsdagen den 28 juni eventuellt bl\u00e5gr\u00f6na alger cirka 5\u00a0kilometer fr\u00e5n kusten i h\u00f6jd med Korsn\u00e4s ute p\u00e5 det \u00f6ppna havet. Det bl\u00e5siga och regniga v\u00e4dret kan ha gjort att dessa bl\u00e5gr\u00f6na alger redan har blandats med de djupare vattenskikten. Enligt observationer fr\u00e5n medborgare i karttj\u00e4nsten vatten.fi har det f\u00f6rekommit sm\u00e5 m\u00e4ngder bl\u00e5gr\u00f6na alger vid K\u00e5taflagan utanf\u00f6r Jakobstad.<\/p>\n<p class=\"MsoNormal\">F\u00f6rekomsten av bl\u00e5gr\u00f6na alger \u00e4r ofta lokal, och det kan f\u00f6rekomma bl\u00e5gr\u00f6na alger \u00e4ven i andra \u00e4n de ovan n\u00e4mnda omr\u00e5dena. Observationerna inom bl\u00e5gr\u00f6nalguppf\u00f6ljningen ger information om l\u00e4get p\u00e5 observationsplatsen endast vid tidpunkten i fr\u00e5ga och l\u00e4get kan f\u00f6r\u00e4ndras snabbt om v\u00e4derf\u00f6rh\u00e5llandena f\u00f6r\u00e4ndras.<\/p>\n<p class=\"MsoNormal\">Bl\u00e5gr\u00f6na alger trivs s\u00e4rskilt i n\u00e4ringsrika och varma vatten. F\u00f6re dopp i eller anv\u00e4ndning av vattnet \u00e4r det bra att kontrollera eventuella f\u00f6rekomster av bl\u00e5gr\u00f6na alger. Anv\u00e4ndning av eller bad i vatten med riklig f\u00f6rekomst av bl\u00e5gr\u00f6na alger rekommenderas inte. Vatten som inneh\u00e5ller bl\u00e5gr\u00f6na alger kan orsaka bland annat hudsymtom, \u00f6gonirritation och illam\u00e5ende.<\/p>\n<p class=\"MsoNormal\">Aktuella uppgifter om algsituationen finns i J\u00e4rvi-Meriwiki (<a href=\"http:\/\/www.jarviwiki.fi\">www.jarviwiki.fi<\/a>), d\u00e4r \u00e4ven medborgare kan spara sina observationer. Med programmet Havaintol\u00e4hetti g\u00e5r det enkelt att spara observationer \u00e4ven med mobiltelefonen. Observationer av bl\u00e5gr\u00f6na alger kan \u00e4ven meddelas till NTM-centralen i S\u00f6dra \u00d6sterbottens alguppf\u00f6ljningstelefon p\u00e5 numret 0295\u00a0027\u00a0990.<\/p>\n<h3>Mer information:<\/h3>\n<p class=\"MsoNormal\">Alguppf\u00f6ljningstelefonen 0295 027 990<\/p>\n<p class=\"MsoNormal\"><a href=\"https:\/\/www.jarviwiki.fi\/wiki\/Etusivu\">J\u00e4rviwiki<\/a><\/p>\n<h3>Bild:<\/h3>\n<p class=\"MsoNormal\">Bl\u00e5gr\u00f6nalgl\u00e4get p\u00e5 \u00f6ppna havsomr\u00e5den vid Korsn\u00e4s, bed\u00f6mt med satellit den 29 juni 2023. Det omr\u00e5de som \u00e4r markerat med ljusgult kan ha haft f\u00f6rekomst av bl\u00e5gr\u00f6nalg denna dag.<\/p>\n<p class=\"MsoNormal\">Bildk\u00e4lla: Sykes material, inneh\u00e5ller modifierade Copernicus-data, 29 juni 2023<\/p>\n<\/div>\n<\/div>\n","protected":false},"excerpt":{"rendered":"<p>Under vecka 27 har observationerna av bl\u00e5gr\u00f6na alger \u00f6kat n\u00e5got. Det svalare v\u00e4dret kan g\u00f6ra l\u00e4get lugnare, men n\u00e4r v\u00e4dret blir varmare igen kan f\u00f6rekomsten av bl\u00e5gr\u00f6na alger \u00f6ka snabbt. I insj\u00f6omr\u00e5dena p\u00e5 de platser som ing\u00e5r i den nationella bl\u00e5gr\u00f6nalguppf\u00f6ljningen har sm\u00e5 m\u00e4ngder bl\u00e5gr\u00f6na alger observerats vid b\u00e5thamnen i sj\u00f6n Per\u00e4nne i Etseri, Suninsalmi [&hellip;]<\/p>\n","protected":false},"author":32,"featured_media":18952,"comment_status":"closed","ping_status":"closed","sticky":false,"template":"","format":"standard","meta":{"_acf_changed":false,"footnotes":""},"categories":[43],"tags":[],"class_list":["post-18951","post","type-post","status-publish","format-standard","has-post-thumbnail","hentry","category-nytt"],"acf":[],"aioseo_notices":[],"_links":{"self":[{"href":"https:\/\/www.vesi.fi\/sv\/wp-json\/wp\/v2\/posts\/18951","targetHints":{"allow":["GET"]}}],"collection":[{"href":"https:\/\/www.vesi.fi\/sv\/wp-json\/wp\/v2\/posts"}],"about":[{"href":"https:\/\/www.vesi.fi\/sv\/wp-json\/wp\/v2\/types\/post"}],"author":[{"embeddable":true,"href":"https:\/\/www.vesi.fi\/sv\/wp-json\/wp\/v2\/users\/32"}],"replies":[{"embeddable":true,"href":"https:\/\/www.vesi.fi\/sv\/wp-json\/wp\/v2\/comments?post=18951"}],"version-history":[{"count":2,"href":"https:\/\/www.vesi.fi\/sv\/wp-json\/wp\/v2\/posts\/18951\/revisions"}],"predecessor-version":[{"id":18954,"href":"https:\/\/www.vesi.fi\/sv\/wp-json\/wp\/v2\/posts\/18951\/revisions\/18954"}],"wp:featuredmedia":[{"embeddable":true,"href":"https:\/\/www.vesi.fi\/sv\/wp-json\/wp\/v2\/media\/18952"}],"wp:attachment":[{"href":"https:\/\/www.vesi.fi\/sv\/wp-json\/wp\/v2\/media?parent=18951"}],"wp:term":[{"taxonomy":"category","embeddable":true,"href":"https:\/\/www.vesi.fi\/sv\/wp-json\/wp\/v2\/categories?post=18951"},{"taxonomy":"post_tag","embeddable":true,"href":"https:\/\/www.vesi.fi\/sv\/wp-json\/wp\/v2\/tags?post=18951"}],"curies":[{"name":"wp","href":"https:\/\/api.w.org\/{rel}","templated":true}]}}