{"id":18805,"date":"2023-06-22T13:43:24","date_gmt":"2023-06-22T10:43:24","guid":{"rendered":"https:\/\/www.vesi.fi\/sv\/?p=18805"},"modified":"2023-06-22T14:56:38","modified_gmt":"2023-06-22T11:56:38","slug":"sommarens-forsta-observationer-av-blagrona-alger-i-de-osterbottniska-landskapen-landskapen-i-osterbotten","status":"publish","type":"post","link":"https:\/\/www.vesi.fi\/sv\/sommarens-forsta-observationer-av-blagrona-alger-i-de-osterbottniska-landskapen-landskapen-i-osterbotten\/","title":{"rendered":"Sommarens f\u00f6rsta observationer av bl\u00e5gr\u00f6na alger i de \u00f6sterbottniska landskapen (landskapen i \u00d6sterbotten)"},"content":{"rendered":"<div>\n<div>\n<p class=\"MsoQuote\">I de \u00f6sterbottniska landskapen har sommarens f\u00f6rsta fall av bl\u00e5gr\u00f6na alger observerats, algl\u00e4get \u00e4r dock \u00e4nnu lugnt.<\/p>\n<p class=\"MsoNormal\">P\u00e5 NTM-centralen i S\u00f6dra \u00d6sterbottens fasta observationsplatser i de \u00f6sterbottniska landskapen i Karper\u00f6fj\u00e4rden och Lakaniemi i Lappaj\u00e4rvi har en aning bl\u00e5gr\u00f6na alger observerats. I havsomr\u00e5dena eller vid havsstr\u00e4nderna har \u00e4nnu inte observerats bl\u00e5gr\u00f6na alger i v\u00e5rt omr\u00e5de i den riksomfattande uppf\u00f6ljningen av bl\u00e5gr\u00f6na alger. Mellersta \u00d6sterbottens milj\u00f6h\u00e4lsov\u00e5rd gjorde observationerna som f\u00f6rts in i J\u00e4rvi-meriwiki onsdagen denna vecka vid badstranden i Halsuanj\u00e4rvi, badstranden i Heimsj\u00f6n och vid Pr\u00e4stlandsstranden, d\u00e4r en aning bl\u00e5gr\u00f6na alger observerades. Vid badstranden i R\u00e4yringinj\u00e4rvi observerades rikligt med bl\u00e5gr\u00f6na alger.<\/p>\n<p class=\"MsoNormal\">Kommunens milj\u00f6h\u00e4lsov\u00e5rd f\u00f6ljer upp och informerar om l\u00e4get i fr\u00e5ga om bl\u00e5gr\u00f6na alger bland annat p\u00e5 kommunens webbplats. NTM-centralen i S\u00f6dra \u00d6sterbottens meddelar om l\u00e4get betr\u00e4ffade bl\u00e5gr\u00f6na alger i de \u00f6sterbottniska landskapen med ett pressmeddelande p\u00e5 torsdagar. NTM-centralen i S\u00f6dra \u00d6sterbotten har fasta kontrollplatser i S\u00f6dra \u00d6sterbotten, \u00d6sterbotten och Mellersta \u00d6sterbotten. Observationer p\u00e5 dessa platser f\u00f6rs in i J\u00e4rvi-meriwiki. I pressmeddelandet ber\u00e4ttas ocks\u00e5 om andra algobservationer i de \u00f6sterbottniska landskapen som har f\u00f6rts in i J\u00e4rvi-meriwiki. Medborgarnas observationer tillf\u00f6r viktig information f\u00f6r kontrollen av bl\u00e5gr\u00f6na alger i v\u00e5rt omr\u00e5de. Algobservationer kan ocks\u00e5 meddelas till nummer 0295 027\u202f990.<\/p>\n<p class=\"MsoNormal\">Observationerna inom alguppf\u00f6ljningen beskriver algl\u00e4get vid den aktuella tidpunkten endast p\u00e5 observationsplatsen, vilket betyder att l\u00e4get kan variera p\u00e5 olika h\u00e5ll i sj\u00f6n. F\u00f6rekomsten av bl\u00e5gr\u00f6na alger avspeglar vanligen de aktuella v\u00e4derleksobservationerna. Exempelvis vindstilla, soligt och varmt v\u00e4der f\u00e5r de bl\u00e5gr\u00f6na algerna att \u00f6ka och stiga upp fr\u00e5n vattenpelaren till vattenytan. I och med riklig nederb\u00f6rd skapar dessutom n\u00e4rings\u00e4mnen som rinner ut i vattendragen gynnsamma tillv\u00e4xtf\u00f6rh\u00e5llanden f\u00f6r algerna. Det \u00e4r inte tillr\u00e5dligt att anv\u00e4nda vatten som inneh\u00e5ller rikligt med bl\u00e5gr\u00f6na alger, eftersom bl\u00e5gr\u00f6na alger kan orsaka bland annat hudsymptom, irriterade \u00f6gon, svindel och illam\u00e5ende. Vatten som inneh\u00e5ller bl\u00e5gr\u00f6na alger ska inte anv\u00e4ndas som dricksvatten, diskvatten, tv\u00e4ttvatten eller badvatten. \u00a0I synnerhet sm\u00e5barn och husdjur ska h\u00e5llas bort fr\u00e5n vatten d\u00e4r det finns bl\u00e5gr\u00f6na alger.<\/p>\n<h3>Mer information<\/h3>\n<p class=\"MsoNormal\">Alguppf\u00f6ljningstelefon 0295 027\u202f990<br \/>\n<a href=\"http:\/\/www.jarviwiki.fi\">www.jarviwiki.fi<\/a><\/p>\n<\/div>\n<\/div>\n","protected":false},"excerpt":{"rendered":"<p>I de \u00f6sterbottniska landskapen har sommarens f\u00f6rsta fall av bl\u00e5gr\u00f6na alger observerats, algl\u00e4get \u00e4r dock \u00e4nnu lugnt. P\u00e5 NTM-centralen i S\u00f6dra \u00d6sterbottens fasta observationsplatser i de \u00f6sterbottniska landskapen i Karper\u00f6fj\u00e4rden och Lakaniemi i Lappaj\u00e4rvi har en aning bl\u00e5gr\u00f6na alger observerats. I havsomr\u00e5dena eller vid havsstr\u00e4nderna har \u00e4nnu inte observerats bl\u00e5gr\u00f6na alger i v\u00e5rt omr\u00e5de i [&hellip;]<\/p>\n","protected":false},"author":32,"featured_media":2637,"comment_status":"closed","ping_status":"closed","sticky":false,"template":"","format":"standard","meta":{"_acf_changed":false,"footnotes":""},"categories":[43],"tags":[],"class_list":["post-18805","post","type-post","status-publish","format-standard","has-post-thumbnail","hentry","category-nytt"],"acf":[],"aioseo_notices":[],"_links":{"self":[{"href":"https:\/\/www.vesi.fi\/sv\/wp-json\/wp\/v2\/posts\/18805","targetHints":{"allow":["GET"]}}],"collection":[{"href":"https:\/\/www.vesi.fi\/sv\/wp-json\/wp\/v2\/posts"}],"about":[{"href":"https:\/\/www.vesi.fi\/sv\/wp-json\/wp\/v2\/types\/post"}],"author":[{"embeddable":true,"href":"https:\/\/www.vesi.fi\/sv\/wp-json\/wp\/v2\/users\/32"}],"replies":[{"embeddable":true,"href":"https:\/\/www.vesi.fi\/sv\/wp-json\/wp\/v2\/comments?post=18805"}],"version-history":[{"count":2,"href":"https:\/\/www.vesi.fi\/sv\/wp-json\/wp\/v2\/posts\/18805\/revisions"}],"predecessor-version":[{"id":18807,"href":"https:\/\/www.vesi.fi\/sv\/wp-json\/wp\/v2\/posts\/18805\/revisions\/18807"}],"wp:featuredmedia":[{"embeddable":true,"href":"https:\/\/www.vesi.fi\/sv\/wp-json\/wp\/v2\/media\/2637"}],"wp:attachment":[{"href":"https:\/\/www.vesi.fi\/sv\/wp-json\/wp\/v2\/media?parent=18805"}],"wp:term":[{"taxonomy":"category","embeddable":true,"href":"https:\/\/www.vesi.fi\/sv\/wp-json\/wp\/v2\/categories?post=18805"},{"taxonomy":"post_tag","embeddable":true,"href":"https:\/\/www.vesi.fi\/sv\/wp-json\/wp\/v2\/tags?post=18805"}],"curies":[{"name":"wp","href":"https:\/\/api.w.org\/{rel}","templated":true}]}}