{"id":18682,"date":"2023-06-08T14:43:23","date_gmt":"2023-06-08T11:43:23","guid":{"rendered":"https:\/\/www.vesi.fi\/sv\/?p=18682"},"modified":"2023-06-14T15:00:49","modified_gmt":"2023-06-14T12:00:49","slug":"alglaget-ar-lugnt-i-ntm-centralen-i-sodra-osterbottens-omrade-landskapen-i-osterbotten-2","status":"publish","type":"post","link":"https:\/\/www.vesi.fi\/sv\/alglaget-ar-lugnt-i-ntm-centralen-i-sodra-osterbottens-omrade-landskapen-i-osterbotten-2\/","title":{"rendered":"Algl\u00e4get \u00e4r lugnt i NTM-centralen i S\u00f6dra \u00d6sterbottens omr\u00e5de (landskapen i \u00d6sterbotten)"},"content":{"rendered":"<div>\n<div>\n<blockquote>\n<p class=\"MsoQuote\">Vecka 23 har inga f\u00f6rekomster av bl\u00e5gr\u00f6na alger observerats p\u00e5 de fasta kontrollplatserna i NTM-centralen i S\u00f6dra \u00d6sterbottens omr\u00e5de. Under den g\u00e5ngna veckan har inte heller medborgarna rapporterat om bl\u00e5gr\u00f6na alger i de \u00f6sterbottniska landskapen.<\/p>\n<\/blockquote>\n<p class=\"MsoNormal\">Ut\u00f6ver data fr\u00e5n de riksomfattande fasta kontrollplatserna bidrar ocks\u00e5 medborgarnas observationer med till\u00e4ggsinformation f\u00f6r uppf\u00f6ljningen av bl\u00e5gr\u00f6na alger i v\u00e5rt omr\u00e5de. Algobservationer kan meddelas i J\u00e4rviwiki (<a href=\"http:\/\/www.jarviwiki.fi\/\">www.jarviwiki.fi<\/a>) eller till alguppf\u00f6ljningstelefonens nummer 0295 027\u00a0990.<\/p>\n<p class=\"MsoNormal\">F\u00f6r tillf\u00e4llet \u00e4r ytvattnen i v\u00e5rt omr\u00e5de svalare \u00e4n genomsnittet f\u00f6r tidpunkten. P\u00e5 milj\u00f6f\u00f6rvaltningens kontrollplatser var ytvattnets temperatur 13,3 grader i Hinj\u00e4rv i N\u00e4rpes och 11,4 grader vid Halkosaari i Lappaj\u00e4rvi.<\/p>\n<p class=\"MsoNormal\">N\u00e4r f\u00f6rh\u00e5llandena \u00e4r gynnsamma kan de bl\u00e5gr\u00f6na algerna orsaka massf\u00f6rekomster. F\u00f6r att v\u00e4xa till sig beh\u00f6ver bl\u00e5gr\u00f6na alger ljus och v\u00e4rme, som bidrar till att de v\u00e4xer snabbare. Lugnt v\u00e4der g\u00f6r att algmassan stiger upp till vattenytan och den syns tydligt som ett gr\u00f6naktigt flak.\u00a0 Bl\u00e5gr\u00f6n algmassa som drivit in mot stranden \u00e4r ofta m\u00e5lf\u00e4rgsaktig, och skingras d\u00e5 man r\u00f6r i den och l\u00e4mnar inte kvar att h\u00e4nga p\u00e5 till exempel en pinne. Om man samlar provvatten i ett vattenglas och l\u00e5ter det st\u00e5 i cirka en timme och alger flyter upp till ytan, d\u00e5 \u00e4r det sannolikt fr\u00e5gan om en bl\u00e5gr\u00f6n algf\u00f6rekomst. Vanligen observeras bl\u00e5gr\u00f6na alger f\u00f6rst i slutet av sommaren. P\u00e5 f\u00f6rsommaren kan pollensamlingar i strandvattnet p\u00e5minna om bl\u00e5gr\u00f6na algf\u00f6rekomster. Det \u00e4r dock inte ovanligt att bl\u00e5gr\u00f6na alger observeras i juni.<\/p>\n<h4 class=\"MsoNormal\">Mer information:<br \/>\nAlguppf\u00f6ljningstelefon 0295 027 990<br \/>\n<a href=\"http:\/\/www.jarviwiki.fi\">www.jarviwiki.fi<\/a><\/h4>\n<\/div>\n<\/div>\n","protected":false},"excerpt":{"rendered":"<p>Vecka 23 har inga f\u00f6rekomster av bl\u00e5gr\u00f6na alger observerats p\u00e5 de fasta kontrollplatserna i NTM-centralen i S\u00f6dra \u00d6sterbottens omr\u00e5de. Under den g\u00e5ngna veckan har inte heller medborgarna rapporterat om bl\u00e5gr\u00f6na alger i de \u00f6sterbottniska landskapen. Ut\u00f6ver data fr\u00e5n de riksomfattande fasta kontrollplatserna bidrar ocks\u00e5 medborgarnas observationer med till\u00e4ggsinformation f\u00f6r uppf\u00f6ljningen av bl\u00e5gr\u00f6na alger i v\u00e5rt [&hellip;]<\/p>\n","protected":false},"author":32,"featured_media":2637,"comment_status":"closed","ping_status":"closed","sticky":false,"template":"","format":"standard","meta":{"_acf_changed":false,"footnotes":""},"categories":[43],"tags":[],"class_list":["post-18682","post","type-post","status-publish","format-standard","has-post-thumbnail","hentry","category-nytt"],"acf":[],"aioseo_notices":[],"_links":{"self":[{"href":"https:\/\/www.vesi.fi\/sv\/wp-json\/wp\/v2\/posts\/18682","targetHints":{"allow":["GET"]}}],"collection":[{"href":"https:\/\/www.vesi.fi\/sv\/wp-json\/wp\/v2\/posts"}],"about":[{"href":"https:\/\/www.vesi.fi\/sv\/wp-json\/wp\/v2\/types\/post"}],"author":[{"embeddable":true,"href":"https:\/\/www.vesi.fi\/sv\/wp-json\/wp\/v2\/users\/32"}],"replies":[{"embeddable":true,"href":"https:\/\/www.vesi.fi\/sv\/wp-json\/wp\/v2\/comments?post=18682"}],"version-history":[{"count":3,"href":"https:\/\/www.vesi.fi\/sv\/wp-json\/wp\/v2\/posts\/18682\/revisions"}],"predecessor-version":[{"id":18721,"href":"https:\/\/www.vesi.fi\/sv\/wp-json\/wp\/v2\/posts\/18682\/revisions\/18721"}],"wp:featuredmedia":[{"embeddable":true,"href":"https:\/\/www.vesi.fi\/sv\/wp-json\/wp\/v2\/media\/2637"}],"wp:attachment":[{"href":"https:\/\/www.vesi.fi\/sv\/wp-json\/wp\/v2\/media?parent=18682"}],"wp:term":[{"taxonomy":"category","embeddable":true,"href":"https:\/\/www.vesi.fi\/sv\/wp-json\/wp\/v2\/categories?post=18682"},{"taxonomy":"post_tag","embeddable":true,"href":"https:\/\/www.vesi.fi\/sv\/wp-json\/wp\/v2\/tags?post=18682"}],"curies":[{"name":"wp","href":"https:\/\/api.w.org\/{rel}","templated":true}]}}