{"id":17078,"date":"2022-10-13T09:43:32","date_gmt":"2022-10-13T06:43:32","guid":{"rendered":"https:\/\/www.vesi.fi\/sv\/?p=17078"},"modified":"2022-10-13T13:30:51","modified_gmt":"2022-10-13T10:30:51","slug":"att-radda-skargardshavet-genom-samarbete-och-aktiv-projektverksamhet","status":"publish","type":"post","link":"https:\/\/www.vesi.fi\/sv\/att-radda-skargardshavet-genom-samarbete-och-aktiv-projektverksamhet\/","title":{"rendered":"Att r\u00e4dda Sk\u00e4rg\u00e5rdshavet genom samarbete och aktiv projektverksamhet"},"content":{"rendered":"<blockquote>\n<p class=\"MsoQuote\">Kick-off f\u00f6r vattenskyddets f\u00e4rdplan h\u00f6lls torsdagen den 6 oktober 2022 p\u00e5 Forum Marinum i \u00c5bo. Hybridevenemanget samlade n\u00e4rmare 100 personer som var intresserade av vattenskydd inom och utom Sk\u00e4rg\u00e5rdshavets avrinningsomr\u00e5de. Syftet med evenemanget var att inleda genomf\u00f6randet av f\u00e4rdplanens \u00e5tg\u00e4rder i Sk\u00e4rg\u00e5rdshavets avrinningsomr\u00e5de och att klarg\u00f6ra de olika parternas roll n\u00e4r det g\u00e4ller att minska fosforbelastningen fr\u00e5n jordbruket.<\/p>\n<\/blockquote>\n<p class=\"MsoNormal\">Evenemanget \u00f6ppnades av milj\u00f6- och klimatminister <b>Maria Ohisalo <\/b>och jord- och skogsbruksminister <b>Antti Kurvinen<\/b>. I sina anf\u00f6randen betonade b\u00e5da ministrarna vikten av ett gott samarbete mellan ministerierna f\u00f6r att fr\u00e4mja \u00e4rendet.<\/p>\n<p class=\"MsoNormal\">Minister Ohisalo ber\u00e4ttade att den nationella finansiering som kanaliseras genom olika program r\u00e4cker bra till f\u00f6r att genomf\u00f6ra \u00e5tg\u00e4rderna i f\u00e4rdplanen.\u00a0 I sitt anf\u00f6rande betonade hon s\u00e4rskilt gipsets betydande effekter p\u00e5 vattenskyddet och hur den fortsatta finansieringen i anslutning till det har s\u00e4kerst\u00e4llts.<\/p>\n<p class=\"MsoNormal\">Enligt minister Kurvinen st\u00e5r jord- och skogsbruksministeriet ocks\u00e5 starkt bakom m\u00e5len i f\u00e4rdplanen. Genomf\u00f6randet av f\u00e4rdplanen kommer att st\u00f6djas bland annat genom det nya CAP-systemet. Ut\u00f6ver vattenskyddsarbetet betonade ministern vikten av jordbrukets livskraft och f\u00f6rs\u00f6rjningsberedskap.<\/p>\n<p class=\"MsoNormal\">Under f\u00f6rmiddagen h\u00f6lls \u00e4ven f\u00f6redrag om f\u00e4rdplanens inneh\u00e5ll och genomf\u00f6rande samt om landskapsf\u00f6rbundets och kommunernas roll i genomf\u00f6randet av \u00e5tg\u00e4rderna. Programmet innefattade ocks\u00e5 anf\u00f6randen om utnyttjandet av n\u00e4rings\u00e4mnen i g\u00f6dsel och om st\u00f6d till n\u00e4ringscykel f\u00f6r biogasanl\u00e4ggningar. I flera anf\u00f6randen betonades dessutom hur viktigt gipset och de regionala projektakt\u00f6rernas aktivitet \u00e4r f\u00f6r allokeringen av finansieringen.<\/p>\n<p class=\"MsoNormal\">MTK-Egentliga Finland tog upp jordbrukarnas behov och \u00f6nskem\u00e5l i fr\u00e5ga om bland annat vattenhanteringen p\u00e5 \u00e5krarna, r\u00e5dgivning och finansiering. Ur jordbrukarnas perspektiv skulle det ocks\u00e5 vara viktigt att betona betydelsen av redan vidtagna vattenskydds\u00e5tg\u00e4rder och nyttan av dem.<\/p>\n<p class=\"MsoNormal\">I centrum f\u00f6r eftermiddagsprogrammet stod aktiveringen av projektverksamheten. Under evenemanget presenterades bland annat viktiga finansieringskanaler och delades ut tips om hur man s\u00f6ker finansiering. Dessutom ber\u00e4ttade de akt\u00f6rer som ledde vattenskyddsprojekten om sina erfarenheter av projektarbetet och n\u00e4tverkandet mellan akt\u00f6rerna. Enligt presentationerna \u00e4r den st\u00f6rsta utmaningen i utvecklingen av projektverksamheten problemen med sj\u00e4lvfinansieringsandelen.<\/p>\n<p class=\"MsoNormal\">Under evenemanget samlades in mer detaljerad information om de utmaningar och utvecklingsbehov som projektakt\u00f6rerna upplevde genom en involverande enk\u00e4t. Med hj\u00e4lp av resultaten av enk\u00e4ten ges b\u00e4ttre r\u00e5dgivning och st\u00f6d till regionala projektakt\u00f6rer i framtiden. NTM-centralen kommer att forts\u00e4tta bygga upp samarbetsn\u00e4tverk utifr\u00e5n de id\u00e9er och den feedback som erh\u00e5llits vid evenemanget.<\/p>\n<p class=\"MsoNormal\">Projektverksamheten har en central roll n\u00e4r det g\u00e4ller att styra den nationella finansieringen och f\u00f6r att kanalisera finansieringen s\u00e4rskilt till Sk\u00e4rg\u00e5rdshavets avrinningsomr\u00e5de kr\u00e4vs ett omfattande samarbete mellan olika akt\u00f6rer. Med minister Ohisalos ord: \u201dArbetet kr\u00e4ver samarbete mellan alla akt\u00f6rer, s\u00e5v\u00e4l myndigheter, lokalbefolkning och riksdagspartier. Varje handling r\u00e4knas!\u201d<\/p>\n<p class=\"MsoNormal\"><b>Mer information:<\/b><\/p>\n<p class=\"MsoNormal\">Specialsakkunnig Elina Laurila, NTM-centralen i Egentliga Finland: <a href=\"mailto:elina.laurila@ely-keskus.fi\">elina.laurila@ely-keskus.fi<\/a><\/p>\n<p class=\"hero-area__title\"><a href=\"https:\/\/www.ely-keskus.fi\/web\/saaristomeren-hot-spot-tiekarttahanke\/etusivu\">Sk\u00e4rg\u00e5rdshavets hot spot-v\u00e4gkartprojekt<\/a><\/p>\n<p class=\"MsoNormal\">Bild \u00a9 Elina Laurila<\/p>\n","protected":false},"excerpt":{"rendered":"<p>Kick-off f\u00f6r vattenskyddets f\u00e4rdplan h\u00f6lls torsdagen den 6 oktober 2022 p\u00e5 Forum Marinum i \u00c5bo. Hybridevenemanget samlade n\u00e4rmare 100 personer som var intresserade av vattenskydd inom och utom Sk\u00e4rg\u00e5rdshavets avrinningsomr\u00e5de. Syftet med evenemanget var att inleda genomf\u00f6randet av f\u00e4rdplanens \u00e5tg\u00e4rder i Sk\u00e4rg\u00e5rdshavets avrinningsomr\u00e5de och att klarg\u00f6ra de olika parternas roll n\u00e4r det g\u00e4ller att minska [&hellip;]<\/p>\n","protected":false},"author":32,"featured_media":17079,"comment_status":"closed","ping_status":"closed","sticky":false,"template":"","format":"standard","meta":{"_acf_changed":false,"footnotes":""},"categories":[43],"tags":[],"class_list":["post-17078","post","type-post","status-publish","format-standard","has-post-thumbnail","hentry","category-nytt"],"acf":[],"aioseo_notices":[],"_links":{"self":[{"href":"https:\/\/www.vesi.fi\/sv\/wp-json\/wp\/v2\/posts\/17078","targetHints":{"allow":["GET"]}}],"collection":[{"href":"https:\/\/www.vesi.fi\/sv\/wp-json\/wp\/v2\/posts"}],"about":[{"href":"https:\/\/www.vesi.fi\/sv\/wp-json\/wp\/v2\/types\/post"}],"author":[{"embeddable":true,"href":"https:\/\/www.vesi.fi\/sv\/wp-json\/wp\/v2\/users\/32"}],"replies":[{"embeddable":true,"href":"https:\/\/www.vesi.fi\/sv\/wp-json\/wp\/v2\/comments?post=17078"}],"version-history":[{"count":4,"href":"https:\/\/www.vesi.fi\/sv\/wp-json\/wp\/v2\/posts\/17078\/revisions"}],"predecessor-version":[{"id":17085,"href":"https:\/\/www.vesi.fi\/sv\/wp-json\/wp\/v2\/posts\/17078\/revisions\/17085"}],"wp:featuredmedia":[{"embeddable":true,"href":"https:\/\/www.vesi.fi\/sv\/wp-json\/wp\/v2\/media\/17079"}],"wp:attachment":[{"href":"https:\/\/www.vesi.fi\/sv\/wp-json\/wp\/v2\/media?parent=17078"}],"wp:term":[{"taxonomy":"category","embeddable":true,"href":"https:\/\/www.vesi.fi\/sv\/wp-json\/wp\/v2\/categories?post=17078"},{"taxonomy":"post_tag","embeddable":true,"href":"https:\/\/www.vesi.fi\/sv\/wp-json\/wp\/v2\/tags?post=17078"}],"curies":[{"name":"wp","href":"https:\/\/api.w.org\/{rel}","templated":true}]}}