{"id":15913,"date":"2022-06-09T12:53:20","date_gmt":"2022-06-09T09:53:20","guid":{"rendered":"https:\/\/www.vesi.fi\/sv\/?p=15913"},"modified":"2022-06-09T15:07:22","modified_gmt":"2022-06-09T12:07:22","slug":"hojdnivaerna-for-byggnader-som-kan-nas-av-flodesvatten-i-kyro-alvs-nedre-lopp-utreds-landskapen-i-osterbotten","status":"publish","type":"post","link":"https:\/\/www.vesi.fi\/sv\/hojdnivaerna-for-byggnader-som-kan-nas-av-flodesvatten-i-kyro-alvs-nedre-lopp-utreds-landskapen-i-osterbotten\/","title":{"rendered":"H\u00f6jdniv\u00e5erna f\u00f6r byggnader som kan n\u00e5s av fl\u00f6desvatten i Kyro \u00e4lvs nedre lopp utreds (landskapen i \u00d6sterbotten)"},"content":{"rendered":"<div>\n<div>\n<blockquote>\n<p class=\"MsoQuote\">Under sommaren 2022 utreds mera ing\u00e5ende h\u00f6jdniv\u00e5erna f\u00f6r byggnader som kan n\u00e5s av fl\u00f6desvatten i det nedre loppet av Kyro \u00e4lvs avrinningsomr\u00e5de i kommunerna Storkyro, Korsholm och Vasa. Utredningen \u00e4r en del av planen f\u00f6r hantering av \u00f6versv\u00e4mningsrisker i Kyro \u00e4lvs avrinningsomr\u00e5de \u00e5ren 2022\u20132027.<\/p>\n<\/blockquote>\n<p>Kyro \u00e4lv \u00e4r en av de \u00f6sterbottniska \u00e5arna d\u00e4r \u00e5dalen \u00e4r mycket \u00f6versv\u00e4mningsk\u00e4nslig. Omr\u00e5det \u00e4r k\u00e4nsligt f\u00f6r \u00f6versv\u00e4mningar p\u00e5 grund av den flacka terr\u00e4ngen, landh\u00f6jningen, markanv\u00e4ndningen och bristen p\u00e5 sj\u00f6ar. Omr\u00e5dena Ylistaro-Kvevlax och Ilmajoki-Sein\u00e4joki har utsetts till omr\u00e5den med betydande \u00f6versv\u00e4mningsrisk i Finland.<\/p>\n<p>H\u00f6jdniv\u00e5erna f\u00f6r byggnader som kan n\u00e5s av fl\u00f6desvatten utreds i omr\u00e5det d\u00e4r det finns risk f\u00f6r s\u00e4llsynta \u00f6versv\u00e4mningar som ber\u00e4knas intr\u00e4ffa i genomsnitt en g\u00e5ng p\u00e5 100 \u00e5r. Liknande m\u00e4tningar har gjorts tidigare \u00e5r i Kyro \u00e4lvs \u00f6vre lopp samt Lappo \u00e5s och Toby-Laihela \u00e5s avrinningsomr\u00e5den. M\u00e5let med utredningen \u00e4r att underl\u00e4tta beredskapen f\u00f6r \u00f6versv\u00e4mningar, minska \u00f6versv\u00e4mningsskador och fr\u00e4mja \u00f6versv\u00e4mningsskyddet f\u00f6r funktioner som riskerar drabbas av \u00f6versv\u00e4mningar. Arbetet utf\u00f6rs av NTM-centralen i S\u00f6dra \u00d6sterbottens praktikanter <strong>Elli Pesonen<\/strong> och <strong>Oona Sarkaranta<\/strong>. M\u00e4tningarna g\u00f6rs p\u00e5 fastigheterna och fastighets\u00e4garna informeras om arbetet med ett separat brev. M\u00e4tningarna utf\u00f6rs under juni-juli. NTM-centralen i S\u00f6dra \u00d6sterbotten, utredningsomr\u00e5dets kommuner och Fonden f\u00f6r Kyro \u00e4lv deltar i kostnaderna f\u00f6r utredningen.<\/p>\n<p>\u00d6versv\u00e4mningskarteringarna l\u00e4ngs Kyro \u00e4lv finns till p\u00e5seende i \u00f6versv\u00e4mningskarttj\u00e4nsten p\u00e5 adress <a href=\"http:\/\/www.ymparisto.fi\/tulvakartat\">www.ymparisto.fi\/tulvakartat<\/a> .<\/p>\n<h3>Mer information ges av f\u00f6ljande personer p\u00e5 NTM-centralen i S\u00f6dra \u00d6sterbotten:<\/h3>\n<p class=\"contactsingle-contact\">Ledande vattenhush\u00e5llningsexpert Suvi Saarniaho-Uitto, tfn 0295 027 926<br \/>\nPraktikant Elli Pesonen, tfn 0295 027 056<br \/>\nPraktikant Oona Sarkaranta, tfn 0295 027 046<br \/>\nE-postadresserna bildas enligt modellen<\/p>\n<h3>Mer information ges av kommunerna:<\/h3>\n<p class=\"contactsingle-contact\">Vasa: Byr\u00e5ingenj\u00f6r Antti Ruokonen, , tfn 040 8394226<br \/>\nKorsholm: Arbetsledare inom kommunaltekniken Kim Ehrs, , tfn 050 69617<br \/>\nStorkyro: Byggnadsinspekt\u00f6r Antti Lammi, , tfn 050 561 0459<\/p>\n<\/div>\n<\/div>\n","protected":false},"excerpt":{"rendered":"<p>Under sommaren 2022 utreds mera ing\u00e5ende h\u00f6jdniv\u00e5erna f\u00f6r byggnader som kan n\u00e5s av fl\u00f6desvatten i det nedre loppet av Kyro \u00e4lvs avrinningsomr\u00e5de i kommunerna Storkyro, Korsholm och Vasa. Utredningen \u00e4r en del av planen f\u00f6r hantering av \u00f6versv\u00e4mningsrisker i Kyro \u00e4lvs avrinningsomr\u00e5de \u00e5ren 2022\u20132027. Kyro \u00e4lv \u00e4r en av de \u00f6sterbottniska \u00e5arna d\u00e4r \u00e5dalen \u00e4r [&hellip;]<\/p>\n","protected":false},"author":32,"featured_media":2637,"comment_status":"closed","ping_status":"closed","sticky":false,"template":"","format":"standard","meta":{"_acf_changed":false,"footnotes":""},"categories":[43],"tags":[],"class_list":["post-15913","post","type-post","status-publish","format-standard","has-post-thumbnail","hentry","category-nytt"],"acf":[],"aioseo_notices":[],"_links":{"self":[{"href":"https:\/\/www.vesi.fi\/sv\/wp-json\/wp\/v2\/posts\/15913","targetHints":{"allow":["GET"]}}],"collection":[{"href":"https:\/\/www.vesi.fi\/sv\/wp-json\/wp\/v2\/posts"}],"about":[{"href":"https:\/\/www.vesi.fi\/sv\/wp-json\/wp\/v2\/types\/post"}],"author":[{"embeddable":true,"href":"https:\/\/www.vesi.fi\/sv\/wp-json\/wp\/v2\/users\/32"}],"replies":[{"embeddable":true,"href":"https:\/\/www.vesi.fi\/sv\/wp-json\/wp\/v2\/comments?post=15913"}],"version-history":[{"count":3,"href":"https:\/\/www.vesi.fi\/sv\/wp-json\/wp\/v2\/posts\/15913\/revisions"}],"predecessor-version":[{"id":15924,"href":"https:\/\/www.vesi.fi\/sv\/wp-json\/wp\/v2\/posts\/15913\/revisions\/15924"}],"wp:featuredmedia":[{"embeddable":true,"href":"https:\/\/www.vesi.fi\/sv\/wp-json\/wp\/v2\/media\/2637"}],"wp:attachment":[{"href":"https:\/\/www.vesi.fi\/sv\/wp-json\/wp\/v2\/media?parent=15913"}],"wp:term":[{"taxonomy":"category","embeddable":true,"href":"https:\/\/www.vesi.fi\/sv\/wp-json\/wp\/v2\/categories?post=15913"},{"taxonomy":"post_tag","embeddable":true,"href":"https:\/\/www.vesi.fi\/sv\/wp-json\/wp\/v2\/tags?post=15913"}],"curies":[{"name":"wp","href":"https:\/\/api.w.org\/{rel}","templated":true}]}}