{"id":15805,"date":"2022-06-06T14:13:25","date_gmt":"2022-06-06T11:13:25","guid":{"rendered":"https:\/\/www.vesi.fi\/sv\/?p=15805"},"modified":"2022-06-06T14:51:34","modified_gmt":"2022-06-06T11:51:34","slug":"algsituationen-lugn-inga-blagronalgobservationer-i-insjoar-eller-havsomraden","status":"publish","type":"post","link":"https:\/\/www.vesi.fi\/sv\/algsituationen-lugn-inga-blagronalgobservationer-i-insjoar-eller-havsomraden\/","title":{"rendered":"Algsituationen lugn \u2013 inga bl\u00e5gr\u00f6nalgobservationer i insj\u00f6ar eller havsomr\u00e5den"},"content":{"rendered":"<blockquote><p>Finlands milj\u00f6central Syke har denna vecka inlett informeringen av bl\u00e5gr\u00f6nalgsl\u00e4get f\u00f6r sommaren 2022. Bl\u00e5gr\u00f6na alger har \u00e4nnu inte observerats i Finlands havsomr\u00e5den eller insj\u00f6ar. Gulaktigt pollen som \u00e4r f\u00f6rvillande likt bl\u00e5gr\u00f6nalger kan emellertid f\u00f6rekomma i strandvattnet.<\/p><\/blockquote>\n<p>Syke rapporterar veckovis om den allm\u00e4nna nationella algsituationen fram till slutet av augusti. N\u00e4rings-, trafik- och milj\u00f6centralerna, d.v.s. NTM-centralerna, publicerar regionala uppgifter om bl\u00e5gr\u00f6na alger. Kommunerna och st\u00e4derna f\u00f6ljer upp bl\u00e5gr\u00f6nalgsl\u00e4get p\u00e5 badstr\u00e4nderna. Syke har idag ocks\u00e5 publicerat en uppskattning av blomningsrisken f\u00f6r bl\u00e5gr\u00f6nalger i Finlands havsomr\u00e5den f\u00f6r kommande sommar.<\/p>\n<p><a href=\"https:\/\/www.syke.fi\/sv-FI\/content\/63180\/3\">Mera p\u00e5 finska\u00a0<\/a><\/p>\n<h3>Syke f\u00f6ljer med f\u00f6rekomsten av bl\u00e5gr\u00f6nalger som en del av uppf\u00f6ljningen av milj\u00f6ns tillst\u00e5nd<\/h3>\n<p>Den riksomfattande alguppf\u00f6ljningen genomf\u00f6rs som en del av uppf\u00f6ljningen av milj\u00f6ns tillst\u00e5nd i samarbete med N\u00e4rings-, trafik- och milj\u00f6centralerna (NTM-centralerna), kommunernas milj\u00f6- och h\u00e4lsomyndigheter och Finlands milj\u00f6central (Syke). \u00c4ven Finlands Rotary-medlemmar deltar aktivt i den riksomfattande bl\u00e5gr\u00f6nalguppf\u00f6ljningen.<\/p>\n<p>Information om bl\u00e5gr\u00f6nalgsl\u00e4get i \u00f6ppna havsomr\u00e5den f\u00f6rmedlas huvudsakligen via satellitobservationer men \u00e4ven via Gr\u00e4nsbevakningsv\u00e4sendet, havsforskningsfartyget Aranda, den automatiska bildgivande utrustningen vid atmosf\u00e4r- och havsforskningsstationen p\u00e5 Ut\u00f6 och kryssnings- och handelsfartyg (MS Finnmaid och MS Silja Serenade) som utrustats med m\u00e4tanordningen <a href=\"mailto:Alg@line\">Alg@line<\/a>. F\u00f6r de \u00f6ppna havsomr\u00e5denas del utarbetas algmattornas driftprognoser i samarbete med Meteorologiska institutets sj\u00f6service.<\/p>\n<p>Alguppf\u00f6ljningen baserar sig p\u00e5 observationer av bl\u00e5gr\u00f6nalgf\u00f6rekomster som stigit till ytvattnet, och dess syfte \u00e4r att ge en allm\u00e4n bild av bl\u00e5gr\u00f6nalgsl\u00e4get i olika vattendrag. Uppf\u00f6ljningen omfattar cirka 400 permanenta observationsplatser runt om i landet i insj\u00f6ar och l\u00e4ngs med kusten samt i sk\u00e4rg\u00e5rden.<\/p>\n<p>Syke informerar om det allm\u00e4nna nationella bl\u00e5gr\u00f6nalgsl\u00e4get p\u00e5 torsdagar varje vecka fr\u00e5n b\u00f6rjan av juni till slutet av augusti. De veckovisa \u00f6versikterna \u00f6ver algl\u00e4get i anslutning till den riksomfattande alguppf\u00f6ljningen inleddes \u00e5r 1998.<\/p>\n<h3>H\u00e4lsoskador kan uppkomma av ett flertal f\u00f6reningar som bl\u00e5gr\u00f6nalgerna producerar<\/h3>\n<p>Enligt Institutet f\u00f6r h\u00e4lsa och v\u00e4lf\u00e4rd (THL) kan bl\u00e5gr\u00f6nalgf\u00f6rekomster orsaka h\u00e4lsoproblem. Bl\u00e5gr\u00f6nalgerna producerar ett flertal olika f\u00f6reningar som kan orsaka symtom. En del av bl\u00e5gr\u00f6nalgerna kan producera lever- eller nervgifter, men en stor del av symtomen som upptr\u00e4der hos personer som badar i vattnet kan ocks\u00e5 bero p\u00e5 andra f\u00f6reningar.<\/p>\n<p>Framf\u00f6r allt sm\u00e5 barn och s\u00e4llskapsdjur b\u00f6r h\u00e5llas borta fr\u00e5n vatten som inneh\u00e5ller bl\u00e5gr\u00f6nalger. Vatten med bl\u00e5gr\u00f6nalger ska inte heller anv\u00e4ndas f\u00f6r att kasta bad, tv\u00e4tta sig eller vattna. Vid misst\u00e4nkt f\u00f6rgiftning, upps\u00f6k l\u00e4kare eller ta djuret till en veterin\u00e4r. Giftinformationscentralen ger vid behov n\u00e4rmare anvisningar.<\/p>\n<p>Kommunernas h\u00e4lsoskyddsmyndigheter f\u00f6ljer upp bl\u00e5gr\u00f6nalgsl\u00e4get p\u00e5 badstr\u00e4nder.<\/p>\n<h3>Meddela dina bl\u00e5gr\u00f6nalgobservationer i Insj\u00f6-havswikin<\/h3>\n<p>P\u00e5\u00a0<a href=\"https:\/\/www.jarviwiki.fi\/wiki\/Etusivu\">Insj\u00f6-havswikin<\/a>, som administreras av Finlands milj\u00f6central, kan du grunda din egen observationsplats och registrera bl\u00e5gr\u00f6nalgobservationer eller g\u00f6ra enskilda observationer n\u00e4r du r\u00f6r dig vid vattendrag. Observationerna kan l\u00e4mnas i appen\u00a0<a href=\"https:\/\/www.jarviwiki.fi\/havaintolahetti\/\">Havaintol\u00e4hetti<\/a>\u00a0som ocks\u00e5 fungerar i smarttelefoner. Anm\u00e4lda observationer syns p\u00e5 den riksomfattande kartan \u00f6ver algl\u00e4get och st\u00f6der bed\u00f6mningen av det riksomfattande bl\u00e5gr\u00f6nalgsl\u00e4get. \u00c4ven observationer av att bl\u00e5gr\u00f6nalger inte f\u00f6rekommer \u00e4r viktiga.<\/p>\n<p>Insj\u00f6-havswikin \u00e4r en webbtj\u00e4nst som tillhandah\u00e5lls i samarbete mellan myndigheterna och medborgarna. I tj\u00e4nsten ing\u00e5r grundl\u00e4ggande uppgifter om alla insj\u00f6ar och olika delar av \u00d6stersj\u00f6n som \u00f6verskrider en hektar. Anv\u00e4ndarna kan bland annat dela bilder och andra observationer i tj\u00e4nsten.<\/p>\n<p>Kommunerna och st\u00e4derna f\u00f6ljer upp bl\u00e5gr\u00f6nalgsl\u00e4get p\u00e5 badstr\u00e4nderna, s\u00e5 det l\u00f6nar sig att meddela rikliga f\u00f6rekomster av bl\u00e5gr\u00f6nalger till kommunens h\u00e4lsoskyddsmyndigheter.<\/p>\n<h3>Bl\u00e5gr\u00f6nalgobservationer \u00e4ven i tj\u00e4nsterna It\u00e4meri.fi och vesi.fi<\/h3>\n<p>Kartorna \u00f6ver bl\u00e5gr\u00f6nalger som visas i tj\u00e4nsterna\u00a0<a href=\"https:\/\/ostersjon.fi\/sv-FI\">\u00d6stersj\u00f6n.fi\u00a0<\/a>och\u00a0<a href=\"http:\/\/www.vesi.fi\/\">Vesi.fi<\/a>\u00a0sammanf\u00f6r bl\u00e5gr\u00f6nalgobservationerna som anm\u00e4lts i Insj\u00f6-havswikin, bl\u00e5gr\u00f6nalgsobservationerna p\u00e5 Helsingfors stads badstr\u00e4nder och bl\u00e5gr\u00f6nalgsobservationerna som baserar sig p\u00e5 Sykes satellittolkningar under de senaste tre dagarna.<\/p>\n<h3>S\u00e5 h\u00e4r k\u00e4nner du igen bl\u00e5gr\u00f6nalger<\/h3>\n<p>En liten m\u00e4ngd bl\u00e5gr\u00f6nalger ser i vattnet ut som gr\u00f6na eller gulaktiga partiklar. Smala r\u00e4nder av alger kan flyta in till stranden. En riklig m\u00e4ngd bl\u00e5gr\u00f6na alger bildar vid lugnt v\u00e4der gr\u00f6n- eller gulaktiga algmattor som anhopas i strandvattnet. P\u00e5 v\u00e5ren kan gulaktigt pollen fr\u00e5n barrtr\u00e4d ocks\u00e5 finnas i vattnet. Pollen f\u00f6rekommer till skillnad fr\u00e5n bl\u00e5gr\u00f6na alger f\u00f6rutom p\u00e5 vattenytan ocks\u00e5 p\u00e5 till exempel bryggor eller tr\u00e4dg\u00e5rdsm\u00f6bler.<\/p>\n<p>Om algmassan l\u00f6ser upp sig i korn i vattnet n\u00e4r du r\u00f6r den med en pinne \u00e4r det fr\u00e5gan om bl\u00e5gr\u00f6na alger. Om algerna fastnar vid pinnen \u00e4r det fr\u00e5ga om n\u00e5got annat \u00e4n bl\u00e5gr\u00f6na alger. I ett vattenk\u00e4rl stiger bl\u00e5gr\u00f6nalgerna till ytan som gr\u00f6naktiga korn inom ungef\u00e4r en timme.<\/p>\n<h4>Bed\u00f6mning av risken f\u00f6r algblomning<\/h4>\n<ul>\n<li><a href=\"https:\/\/www.syke.fi\/sv-FI\/content\/63233\/3\">I havsomr\u00e5den \u00e4r risken f\u00f6r bl\u00e5gr\u00f6nalgblomningar betydande under sommaren (pressmeddelande 2.6.2022, Syke)<\/a><\/li>\n<\/ul>\n<h4>Riksomfattande information om algblomning<\/h4>\n<p><a href=\"http:\/\/www.jarviwiki.fi\/wiki\/Algsituationen\">Algsituationen lev\u00e4seuranta (J\u00e4rvi-meriwiki)<\/a><\/p>\n<ul>\n<li><a href=\"https:\/\/www.ostersjon.fi\/sv-FI\/Ostersjon_nu\/Algobservationer\">Algobservationer \/ It\u00e4meri.fi<\/a><\/li>\n<li><a href=\"https:\/\/www.jarviwiki.fi\/havaintolahetti\/\">Havaintol\u00e4hetti (p\u00e5 finska)<\/a><\/li>\n<\/ul>\n<h4>Bilder<\/h4>\n<ul>\n<li><a href=\"https:\/\/wwwi4.ymparisto.fi\/i4\/fin\/tarkka\/index.html?type=RGB&amp;date=2022-06-01&amp;datespan=1&amp;name=DEFAULT&amp;lang=fi&amp;zoom=5.31&amp;lat=64.23000&amp;lon=26.00000\">TARKKA, algsituationen via satellitobservationer<\/a><\/li>\n<\/ul>\n<h4>Mer information<\/h4>\n<p>(Telefon 13.00 &#8211; 15.00)<\/p>\n<h4>Insj\u00f6arna<\/h4>\n<ul>\n<li>Specialforskare\u00a0<strong>Kristiina Vuorio<\/strong>, Finlands milj\u00f6central Syke, tfn.\u00a00295 251 757, (till 3.6.)<\/li>\n<li>Specialforskare\u00a0<strong>Laura H\u00e4rk\u00f6nen<\/strong>, Finlands milj\u00f6central Syke, tfn. 0295 251 009, (fr\u00e5n 6.6.)<\/li>\n<\/ul>\n<h4>Havsomr\u00e5det<\/h4>\n<h4 style=\"padding-left: 40px;\">Bl\u00e5gr\u00f6nalgobservationer vid kusten<\/h4>\n<ul>\n<li>Specialforskare\u00a0<strong>Sirpa Lehtinen<\/strong>, Finlands milj\u00f6central Syke,\u00a0tfn. 0295 251 353, \u00a0 (till 2.6.)<\/li>\n<li>Forskare\u00a0<strong>Heidi H\u00e4llfors,<\/strong>\u00a0Finlands milj\u00f6central Syke, tfn. 0295 251 114, \u00a0(fr\u00e5n 6.6.)<\/li>\n<\/ul>\n<h4 style=\"padding-left: 40px;\">Bl\u00e5gr\u00f6nalgobservationer p\u00e5 \u00f6ppna havet<\/h4>\n<ul>\n<li><a href=\"mailto:Eotuki@syke.fi\">Eotuki@syke.fi<\/a><\/li>\n<li>Ledande forskare\u00a0<strong>Jenni Attila,<\/strong>\u00a0Finlands milj\u00f6central Syke,\u00a0tfn. 0295 251 078,\u00a0\u00a0 (till 3.6.)<\/li>\n<li>Forskare\u00a0<strong>Sakari V\u00e4kev\u00e4<\/strong>,\u00a0Finlands milj\u00f6central Syke,\u00a0tfn. 0295 252 088,\u00a0\u00a0 (fr\u00e5n 6.6.)<\/li>\n<\/ul>\n<h4 style=\"padding-left: 40px;\">\u00d6stersj\u00f6ns tillst\u00e5nd<\/h4>\n<ul>\n<li>Specialforskare\u00a0<strong>Jouni Lehtoranta,<\/strong>\u00a0 Finlands milj\u00f6central Syke, tfn.\u00a00295 251 363, \u00a0(till 3.6.)<\/li>\n<li>Forskningsprofessor\u00a0<strong>Maiju Lehtiniemi<\/strong>, Finlands milj\u00f6central Syke, tfn.\u00a00295 251 356, \u00a0(fr\u00e5n 6.6.)<\/li>\n<\/ul>\n<h4 class=\"MsoNormal\">Kommunikation<\/h4>\n<ul>\n<li>Kommunikationsexpert\u00a0<strong>Hannele Ahponen,<\/strong>\u00a0Finlands milj\u00f6central Syke, tfn 050 327 5997, \u00a0(till 3.6.)<\/li>\n<li>Kommunikationsplanerare\u00a0<strong>Saara Sivonen<\/strong>,\u00a0Finlands milj\u00f6central Syke, tfn 0295 251 082, \u00a0(fr\u00e5n 6.6.)<\/li>\n<\/ul>\n<p>Bild: Adobe Stock<\/p>\n","protected":false},"excerpt":{"rendered":"<p>Finlands milj\u00f6central Syke har denna vecka inlett informeringen av bl\u00e5gr\u00f6nalgsl\u00e4get f\u00f6r sommaren 2022. Bl\u00e5gr\u00f6na alger har \u00e4nnu inte observerats i Finlands havsomr\u00e5den eller insj\u00f6ar. Gulaktigt pollen som \u00e4r f\u00f6rvillande likt bl\u00e5gr\u00f6nalger kan emellertid f\u00f6rekomma i strandvattnet. Syke rapporterar veckovis om den allm\u00e4nna nationella algsituationen fram till slutet av augusti. N\u00e4rings-, trafik- och milj\u00f6centralerna, d.v.s. NTM-centralerna, [&hellip;]<\/p>\n","protected":false},"author":47,"featured_media":15806,"comment_status":"closed","ping_status":"closed","sticky":false,"template":"","format":"standard","meta":{"_acf_changed":false,"footnotes":""},"categories":[43],"tags":[],"class_list":["post-15805","post","type-post","status-publish","format-standard","has-post-thumbnail","hentry","category-nytt"],"acf":[],"aioseo_notices":[],"_links":{"self":[{"href":"https:\/\/www.vesi.fi\/sv\/wp-json\/wp\/v2\/posts\/15805","targetHints":{"allow":["GET"]}}],"collection":[{"href":"https:\/\/www.vesi.fi\/sv\/wp-json\/wp\/v2\/posts"}],"about":[{"href":"https:\/\/www.vesi.fi\/sv\/wp-json\/wp\/v2\/types\/post"}],"author":[{"embeddable":true,"href":"https:\/\/www.vesi.fi\/sv\/wp-json\/wp\/v2\/users\/47"}],"replies":[{"embeddable":true,"href":"https:\/\/www.vesi.fi\/sv\/wp-json\/wp\/v2\/comments?post=15805"}],"version-history":[{"count":2,"href":"https:\/\/www.vesi.fi\/sv\/wp-json\/wp\/v2\/posts\/15805\/revisions"}],"predecessor-version":[{"id":15808,"href":"https:\/\/www.vesi.fi\/sv\/wp-json\/wp\/v2\/posts\/15805\/revisions\/15808"}],"wp:featuredmedia":[{"embeddable":true,"href":"https:\/\/www.vesi.fi\/sv\/wp-json\/wp\/v2\/media\/15806"}],"wp:attachment":[{"href":"https:\/\/www.vesi.fi\/sv\/wp-json\/wp\/v2\/media?parent=15805"}],"wp:term":[{"taxonomy":"category","embeddable":true,"href":"https:\/\/www.vesi.fi\/sv\/wp-json\/wp\/v2\/categories?post=15805"},{"taxonomy":"post_tag","embeddable":true,"href":"https:\/\/www.vesi.fi\/sv\/wp-json\/wp\/v2\/tags?post=15805"}],"curies":[{"name":"wp","href":"https:\/\/api.w.org\/{rel}","templated":true}]}}