{"id":15263,"date":"2022-03-29T10:50:04","date_gmt":"2022-03-29T07:50:04","guid":{"rendered":"https:\/\/www.vesi.fi\/sv\/?p=15263"},"modified":"2022-03-29T11:04:07","modified_gmt":"2022-03-29T08:04:07","slug":"planerna-for-hantering-av-oversvamningsrisker-i-de-osterbottniska-landskapen-omfattar-oversvamnings-verkningar-bade-nu-och-i-framtiden","status":"publish","type":"post","link":"https:\/\/www.vesi.fi\/sv\/planerna-for-hantering-av-oversvamningsrisker-i-de-osterbottniska-landskapen-omfattar-oversvamnings-verkningar-bade-nu-och-i-framtiden\/","title":{"rendered":"Planerna f\u00f6r hantering av \u00f6versv\u00e4mningsrisker i de \u00f6sterbottniska landskapen omfattar \u00f6versv\u00e4mnings verkningar b\u00e5de nu och i framtiden"},"content":{"rendered":"<div>\n<div>\n<blockquote>\n<p class=\"MsoQuote\">De \u00f6sterbottniska sl\u00e4tterna \u00e4r k\u00e4nda f\u00f6r sina \u00f6versv\u00e4mningar och under de senaste tio \u00e5ren har \u00f6versv\u00e4mningar intr\u00e4ffat bland annat l\u00e4ngs Esse \u00e5, V\u00f6r\u00e5 och Kimo \u00e5, Lappo \u00e5, Kyro \u00e4lv, Malax \u00e5, N\u00e4rpes \u00e5 och Lappfj\u00e4rds \u00e5. \u00d6versv\u00e4mningarna har orsakat skador p\u00e5 byggnader och annan egendom, v\u00e4g- och eln\u00e4tet samt milj\u00f6n. Vid de v\u00e4rsta \u00f6versv\u00e4mningarna har man ocks\u00e5 varit tvungen att evakuera m\u00e4nniskor och produktionsdjur fr\u00e5n de \u00f6versv\u00e4mningsdrabbade omr\u00e5dena.<\/p>\n<\/blockquote>\n<p>Enligt prognoserna kommer klimatf\u00f6r\u00e4ndringen att leda till att extremt v\u00e4der \u00f6kar. I de \u00f6sterbottniska landskapen b\u00f6r man f\u00f6rbereda sig p\u00e5 det oftare f\u00f6rekommer \u00f6versv\u00e4mningar som beror p\u00e5 st\u00f6rtregn och p\u00e5 att det sker f\u00f6r\u00e4ndringar i \u00e5rstidsrytmen f\u00f6r \u00f6versv\u00e4mningar. De traditionella v\u00e5rfl\u00f6dena ber\u00e4knas bli mindre, men \u00e5 andra sidan ber\u00e4knas \u00f6versv\u00e4mningar vintertid bli vanligare. Enligt prognoserna kommer \u00e4ven \u00f6versv\u00e4mningar p\u00e5 grund av kravis att \u00f6ka som en f\u00f6ljd av de milda vintrarna. I Kvarkenomr\u00e5det motverkar landh\u00f6jningen \u00e4nnu fram till mitten av \u00e5rhundradet de konsekvenser som en stigande havsniv\u00e5 har p\u00e5 \u00f6versv\u00e4mningar fr\u00e5n havet.<\/p>\n<h3>P\u00e5 fem omr\u00e5den \u00e4r \u00f6versv\u00e4mningsrisken betydande<\/h3>\n<p>P\u00e5 NTM-centralen i S\u00f6dra \u00d6sterbottens omr\u00e5de finns fem omr\u00e5den som har angetts ha betydande risk f\u00f6r \u00f6versv\u00e4mningar enligt EU:s \u00f6versv\u00e4mningsdirektiv: Lappo (Lappo \u00e5), Ilmajoki\u2013Sein\u00e4joki och Ylistaro\u2013Kvevlax (Kyro \u00e4lv), Laihela\u2013Toby\u2013Runsor (Laihela-Toby \u00e5) samt Lappfj\u00e4rd (Lappfj\u00e4rds \u00e5).\u00a0 Ut\u00f6ver dessa finns det totalt 11 andra omr\u00e5den med \u00f6versv\u00e4mningsrisk i de \u00f6sterbottniska landskapen. \u00c4ven f\u00f6r dessa omr\u00e5den finns planer och \u00e5tg\u00e4rder f\u00f6r att minska \u00f6versv\u00e4mningsrisken. Mer information om omr\u00e5dena med \u00f6versv\u00e4mningsrisk i de \u00f6sterbottniska landskapen finns p\u00e5 <a href=\"https:\/\/www.vesi.fi\/sv\/oversvamningar-i-landskapen-i-osterbotten\/\">https:\/\/www.vesi.fi\/sv\/oversvamningar-i-landskapen-i-osterbotten\/<\/a>. En stor del av vattendragen i v\u00e5rt omr\u00e5de har \u00f6versv\u00e4mningskarterats och \u00f6versv\u00e4mningskartorna hittas samlade p\u00e5 adressen <a href=\"http:\/\/www.ymparisto.fi\/tulvakartat\">http:\/\/www.ymparisto.fi\/tulvakartat<\/a>.<\/p>\n<p>P\u00e5 omr\u00e5den med betydande \u00f6versv\u00e4mningsrisk har det i form av regionalt samarbete utarbetats planer f\u00f6r hanteringen av \u00f6versv\u00e4mningsrisker. Hanteringsplanerna samlar grundl\u00e4ggande uppgifter om avrinningsomr\u00e5det, dess \u00f6versv\u00e4mningsrisker och uppskattningar av skadorna. Planerna inkluderar \u00e4ven de m\u00e5l som st\u00e4llts av \u00f6versv\u00e4mningsgruppen och \u00e5tg\u00e4rderna f\u00f6r att minska \u00f6versv\u00e4mningsriskerna. Ut\u00f6ver det beskrivs hur deltagande och information om utarbetandet av planerna har genomf\u00f6rts. Jord- och skogsbruksministeriet har 22.12.2021 godk\u00e4nt planerna f\u00f6r hantering av \u00f6versv\u00e4mningsrisker i Lappo \u00e5s, Kyro \u00e4lvs, Toby-Laihela \u00e5s och Lappfj\u00e4rds \u00e5s avrinningsomr\u00e5den f\u00f6r \u00e5ren 2022\u20132027. Alla planer f\u00f6r hantering av \u00f6versv\u00e4mningsrisker i de \u00f6sterbottniska landskapen finns p\u00e5 webben: <a href=\"https:\/\/www.vesi.fi\/sv\/hantering-av-oversvamningsrisker\/\">https:\/\/www.vesi.fi\/sv\/hantering-av-oversvamningsrisker\/<\/a>.<\/p>\n<h3>\u00c5tg\u00e4rderna fr\u00e4mjar anpassningen till och beredskapen inf\u00f6r klimatf\u00f6r\u00e4ndringen<\/h3>\n<p>I alla hanteringsplaner har identifierats att f\u00f6rhandsplanering \u00e4r en central \u00e5tg\u00e4rd, bland annat hur \u00f6versv\u00e4mningar beaktas i planeringen av markanv\u00e4ndningen och hur \u00f6versv\u00e4mningsprognoser och -karteringar kan utvecklas, liksom \u00e4ven varningssystem. Dessutom anses det vara viktigt att kommuner, inv\u00e5nare och andra akt\u00f6rer har egen beredskap inf\u00f6r \u00f6versv\u00e4mningar och att samarbetet mellan olika parter utvecklas f\u00f6r att kunna hantera \u00f6versv\u00e4mningssituationer. Alla dessa \u00e5tg\u00e4rder anses ocks\u00e5 underl\u00e4tta anpassningen till klimatf\u00f6r\u00e4ndringen. I vattendrag d\u00e4r det finns reglerade sj\u00f6ar, \u00e4r det m\u00f6jligt att f\u00f6rbereda sig f\u00f6r s\u00e5v\u00e4l v\u00e5rfl\u00f6den som stora fl\u00f6den andra tider p\u00e5 \u00e5ret genom att justera regleringspraxis.\u00a0 \u00c5tg\u00e4rder som g\u00f6rs i avrinningsomr\u00e5det, till exempel genom att i liten skala kvarh\u00e5lla vatten, kan ha en avsev\u00e4rd betydelse i st\u00f6rre omfattning n\u00e4r det \u00e4r fr\u00e5gan om att sk\u00e4ra ner fl\u00f6destoppar i \u00f6versv\u00e4mningsk\u00e4nsliga omr\u00e5den. Olika s\u00e4tt att kvarh\u00e5lla fl\u00f6desvatten i liten skala \u00e4r till exempel v\u00e5tmarker, fl\u00f6desbass\u00e4nger och konstruktioner f\u00f6r vattenskydd inom jord- och skogsbruket. Dessa \u00e5tg\u00e4rder bed\u00f6ms ocks\u00e5 f\u00f6rb\u00e4ttra vattnens status och \u00f6ka naturens m\u00e5ngfald.<\/p>\n<p>M\u00e5let med planeringen av hantering av \u00f6versv\u00e4mningsrisker \u00e4r att se till att m\u00e4nniskors h\u00e4lsa och s\u00e4kerhet inte \u00e4r i fara och att verksamheter som \u00e4r viktiga f\u00f6r samh\u00e4llet \u00e4r skyddade \u00e4ven om en mycket s\u00e4llsynt \u00f6versv\u00e4mning skulle intr\u00e4ffa. Genomf\u00f6randet av \u00e5tg\u00e4rderna f\u00f6ruts\u00e4tter insatser fr\u00e5n \u00e5dalarnas inv\u00e5nare, verksamhetsut\u00f6vare, kommuner, r\u00e4ddningsverk samt regionala myndigheter och \u00d6versv\u00e4mningscentret.<\/p>\n<h4>Till\u00e4ggsuppgifter fr\u00e5n NTM-centralen i S\u00f6dra \u00d6sterbotten:<\/h4>\n<ul>\n<li>Vattenhush\u00e5llningsexpert Erika Saarenp\u00e4\u00e4, tfn 0295 028 027<\/li>\n<li>Gruppchef Sari Yli-Mannila, tfn 0295 027 962<\/li>\n<li>\u00d6versv\u00e4mningsinformat\u00f6r Satu-Mikaela Burman, tfn 0295 027 646<\/li>\n<\/ul>\n<\/div>\n<\/div>\n","protected":false},"excerpt":{"rendered":"<p>De \u00f6sterbottniska sl\u00e4tterna \u00e4r k\u00e4nda f\u00f6r sina \u00f6versv\u00e4mningar och under de senaste tio \u00e5ren har \u00f6versv\u00e4mningar intr\u00e4ffat bland annat l\u00e4ngs Esse \u00e5, V\u00f6r\u00e5 och Kimo \u00e5, Lappo \u00e5, Kyro \u00e4lv, Malax \u00e5, N\u00e4rpes \u00e5 och Lappfj\u00e4rds \u00e5. \u00d6versv\u00e4mningarna har orsakat skador p\u00e5 byggnader och annan egendom, v\u00e4g- och eln\u00e4tet samt milj\u00f6n. Vid de v\u00e4rsta \u00f6versv\u00e4mningarna [&hellip;]<\/p>\n","protected":false},"author":32,"featured_media":2637,"comment_status":"closed","ping_status":"closed","sticky":false,"template":"","format":"standard","meta":{"_acf_changed":false,"footnotes":""},"categories":[43],"tags":[],"class_list":["post-15263","post","type-post","status-publish","format-standard","has-post-thumbnail","hentry","category-nytt"],"acf":[],"aioseo_notices":[],"_links":{"self":[{"href":"https:\/\/www.vesi.fi\/sv\/wp-json\/wp\/v2\/posts\/15263","targetHints":{"allow":["GET"]}}],"collection":[{"href":"https:\/\/www.vesi.fi\/sv\/wp-json\/wp\/v2\/posts"}],"about":[{"href":"https:\/\/www.vesi.fi\/sv\/wp-json\/wp\/v2\/types\/post"}],"author":[{"embeddable":true,"href":"https:\/\/www.vesi.fi\/sv\/wp-json\/wp\/v2\/users\/32"}],"replies":[{"embeddable":true,"href":"https:\/\/www.vesi.fi\/sv\/wp-json\/wp\/v2\/comments?post=15263"}],"version-history":[{"count":3,"href":"https:\/\/www.vesi.fi\/sv\/wp-json\/wp\/v2\/posts\/15263\/revisions"}],"predecessor-version":[{"id":15266,"href":"https:\/\/www.vesi.fi\/sv\/wp-json\/wp\/v2\/posts\/15263\/revisions\/15266"}],"wp:featuredmedia":[{"embeddable":true,"href":"https:\/\/www.vesi.fi\/sv\/wp-json\/wp\/v2\/media\/2637"}],"wp:attachment":[{"href":"https:\/\/www.vesi.fi\/sv\/wp-json\/wp\/v2\/media?parent=15263"}],"wp:term":[{"taxonomy":"category","embeddable":true,"href":"https:\/\/www.vesi.fi\/sv\/wp-json\/wp\/v2\/categories?post=15263"},{"taxonomy":"post_tag","embeddable":true,"href":"https:\/\/www.vesi.fi\/sv\/wp-json\/wp\/v2\/tags?post=15263"}],"curies":[{"name":"wp","href":"https:\/\/api.w.org\/{rel}","templated":true}]}}