{"id":15141,"date":"2022-03-11T13:51:07","date_gmt":"2022-03-11T11:51:07","guid":{"rendered":"https:\/\/www.vesi.fi\/sv\/?p=15141"},"modified":"2022-03-14T08:44:45","modified_gmt":"2022-03-14T06:44:45","slug":"varens-ankomst-forbereds-istjockleken-mats-och-plats-for-smaltvatten-gors-i-de-konstgjorda-sjoarna","status":"publish","type":"post","link":"https:\/\/www.vesi.fi\/sv\/varens-ankomst-forbereds-istjockleken-mats-och-plats-for-smaltvatten-gors-i-de-konstgjorda-sjoarna\/","title":{"rendered":"V\u00e5rens ankomst f\u00f6rbereds: Istjockleken m\u00e4ts och plats f\u00f6r sm\u00e4ltvatten g\u00f6rs i de konstgjorda sj\u00f6arna"},"content":{"rendered":"<div>\n<div>\n<blockquote>\n<p class=\"MsoQuote\">Isarna p\u00e5 de \u00f6sterbottniska vattendragen var i m\u00e5nadsskiftet februari-mars ungef\u00e4r en halv meter tjocka och st\u00e4llvis till och med mer, vilket \u00e4r tjockare \u00e4n genomsnittligt. Till exempel i Lappfj\u00e4rds \u00e5mynning, i Storkyro och i Perho \u00e5s mynning var isen st\u00e4llvis \u00f6ver 60 cm tjock. Isarna \u00e4r tjockare \u00e4n i fjol v\u00e5ras, men dock tunnare \u00e4n v\u00e5ren 2013, d\u00e5 isproppar orsakade ansenliga problem bl.a. i Kyro \u00e4lv. NTM-centralen i S\u00f6dra \u00d6sterbotten m\u00e4ter \u00e5arnas istjocklek p\u00e5 nytt n\u00e4sta vecka och p\u00e5 basis av m\u00e4tningarna fattas beslut om eventuella iss\u00e5gningar i b\u00f6rjan av vecka 12.<\/p>\n<\/blockquote>\n<p>\u00c4ven sn\u00f6m\u00e4ngden och sn\u00f6ns vattenv\u00e4rde i de \u00f6sterbottniska landskapen \u00e4r st\u00f6rre \u00e4n genomsnittet f\u00f6r tidpunkten. Sn\u00f6ns vattenv\u00e4rde \u00e4r nu ca 80\u2013140 millimeter (mm). Mest sn\u00f6 finns i \u00f6vre loppen av Lappfj\u00e4rds \u00e5-Stor\u00e5s, Perho \u00e5s och Esse \u00e5s avrinningsomr\u00e5den, d\u00e4r sn\u00f6ns vattenv\u00e4rde ligger kring 120\u2013140 mm. I \u00f6vriga avrinningsomr\u00e5den \u00e4r sn\u00f6ns vattenv\u00e4rde ca 80\u2013120 mm. Sn\u00f6ns vattenv\u00e4rde i millimeter motsvarar sn\u00f6lasten i kg\/m2.<\/p>\n<p>Vattenst\u00e5ndet i de konstgjorda och reglerade sj\u00f6arna s\u00e4nks nu l\u00e4gre \u00e4n under genomsnittliga v\u00e5rar f\u00f6r att det ska finnas plats f\u00f6r sm\u00e4ltvatten och f\u00f6r att minska ol\u00e4genheterna av v\u00e5rfl\u00f6dena. Exempelvis i den konstgjorda sj\u00f6n Kalaj\u00e4rvi s\u00e4nks vattenst\u00e5ndet med 3,5 meter och i den konstgjorda sj\u00f6n Patana med fem meter i j\u00e4mf\u00f6relse med vattenst\u00e5ndet sommartid. Alla luckor vid regleringsdammen i Kuortaneenj\u00e4rvi har \u00f6ppnats den h\u00e4r veckan och sj\u00f6ns vattenst\u00e5nd kommer att sjunka med uppskattningsvis ca 20 cm innan v\u00e5rfl\u00f6det. Luckorna vid regleringsdammen i Kuortaneenj\u00e4rvi h\u00e5lls fullt \u00f6ppnade under hela v\u00e5rfl\u00f6det.<\/p>\n<p>I b\u00f6rjan av n\u00e4sta vecka b\u00f6rjar man s\u00e4nka vattenst\u00e5ndet i sj\u00f6gruppen i Perho \u00e5s mellersta avsnitt genom att \u00f6ka avtappningen vid kraftverket i Kaitfors. Syftet \u00e4r att f\u00e5 vattnet att rinna ut p\u00e5 isen nedanf\u00f6r kraftverket i Perho \u00e5. D\u00e5 det m\u00f6rka vattnet ligger p\u00e5 isen absorberar det effektivt solv\u00e4rmen och det p\u00e5skyndar att ist\u00e4cket sm\u00e4lter.<\/p>\n<p>V\u00e5rens fl\u00f6dessituation p\u00e5verkas v\u00e4sentligt av de kommande veckornas temperaturer, nederb\u00f6rdsm\u00e4ngder och hur snabbt sn\u00f6sm\u00e4ltningen sker. Enligt \u00d6versv\u00e4mningscentrets prognoser torde vattenf\u00f6ringen i de \u00f6sterbottniska \u00e5arna f\u00f6rbli l\u00e5g \u00e5tminstone under n\u00e4sta vecka tack vare uppeh\u00e5llsv\u00e4dret och de kyliga n\u00e4tterna.<\/p>\n<h3>Mer information p\u00e5 webben:<\/h3>\n<ul>\n<li><a href=\"https:\/\/www.vesi.fi\/sv\/karttapalvelu\/\">Vattenprognoser och varningar p\u00e5 kartan<\/a> (vatten.fi)<\/li>\n<li><a href=\"http:\/\/wwwi3.ymparisto.fi\/i3\/RealTime\/lsu.htm\">Vattenl\u00e4get i realtid (NTM-centralen i S\u00f6dra \u00d6sterbottens omr\u00e5de)<\/a> (ymparisto.fi)<\/li>\n<\/ul>\n<h3>Mer information om v\u00e5rens \u00f6versv\u00e4mningsprognoser fr\u00e5n \u00d6versv\u00e4mningscentret:<\/h3>\n<ul>\n<li>Forskare Harri Myllyniemi, Finlands milj\u00f6central (Syke), tfn 0295 251 439<\/li>\n<\/ul>\n<h3>Till\u00e4ggsuppgifter fr\u00e5n NTM-centralen i S\u00f6dra \u00d6sterbotten:<\/h3>\n<ul>\n<li>Ledande vattenhush\u00e5llningsexpert Katja Haukilehto, tfn 0295 027 794<\/li>\n<li>Gruppchef Kim Klemola, tfn 0295 027 829<\/li>\n<li>Chef f\u00f6r vattenresursenheten Liisa Maria Rautio, tfn 0295 027\u00a0919<\/li>\n<\/ul>\n<\/div>\n<\/div>\n","protected":false},"excerpt":{"rendered":"<p>Isarna p\u00e5 de \u00f6sterbottniska vattendragen var i m\u00e5nadsskiftet februari-mars ungef\u00e4r en halv meter tjocka och st\u00e4llvis till och med mer, vilket \u00e4r tjockare \u00e4n genomsnittligt. Till exempel i Lappfj\u00e4rds \u00e5mynning, i Storkyro och i Perho \u00e5s mynning var isen st\u00e4llvis \u00f6ver 60 cm tjock. Isarna \u00e4r tjockare \u00e4n i fjol v\u00e5ras, men dock tunnare \u00e4n [&hellip;]<\/p>\n","protected":false},"author":32,"featured_media":2637,"comment_status":"closed","ping_status":"closed","sticky":false,"template":"","format":"standard","meta":{"_acf_changed":false,"footnotes":""},"categories":[43],"tags":[],"class_list":["post-15141","post","type-post","status-publish","format-standard","has-post-thumbnail","hentry","category-nytt"],"acf":[],"aioseo_notices":[],"_links":{"self":[{"href":"https:\/\/www.vesi.fi\/sv\/wp-json\/wp\/v2\/posts\/15141","targetHints":{"allow":["GET"]}}],"collection":[{"href":"https:\/\/www.vesi.fi\/sv\/wp-json\/wp\/v2\/posts"}],"about":[{"href":"https:\/\/www.vesi.fi\/sv\/wp-json\/wp\/v2\/types\/post"}],"author":[{"embeddable":true,"href":"https:\/\/www.vesi.fi\/sv\/wp-json\/wp\/v2\/users\/32"}],"replies":[{"embeddable":true,"href":"https:\/\/www.vesi.fi\/sv\/wp-json\/wp\/v2\/comments?post=15141"}],"version-history":[{"count":2,"href":"https:\/\/www.vesi.fi\/sv\/wp-json\/wp\/v2\/posts\/15141\/revisions"}],"predecessor-version":[{"id":15152,"href":"https:\/\/www.vesi.fi\/sv\/wp-json\/wp\/v2\/posts\/15141\/revisions\/15152"}],"wp:featuredmedia":[{"embeddable":true,"href":"https:\/\/www.vesi.fi\/sv\/wp-json\/wp\/v2\/media\/2637"}],"wp:attachment":[{"href":"https:\/\/www.vesi.fi\/sv\/wp-json\/wp\/v2\/media?parent=15141"}],"wp:term":[{"taxonomy":"category","embeddable":true,"href":"https:\/\/www.vesi.fi\/sv\/wp-json\/wp\/v2\/categories?post=15141"},{"taxonomy":"post_tag","embeddable":true,"href":"https:\/\/www.vesi.fi\/sv\/wp-json\/wp\/v2\/tags?post=15141"}],"curies":[{"name":"wp","href":"https:\/\/api.w.org\/{rel}","templated":true}]}}