{"id":14657,"date":"2021-12-17T10:12:18","date_gmt":"2021-12-17T08:12:18","guid":{"rendered":"https:\/\/www.vesi.fi\/sv\/?p=14657"},"modified":"2021-12-17T10:49:46","modified_gmt":"2021-12-17T08:49:46","slug":"planerna-for-att-hantera-oversvamningsrisker-hjalper-att-bygga-upp-beredskap-infor-klimatforandringar","status":"publish","type":"post","link":"https:\/\/www.vesi.fi\/sv\/planerna-for-att-hantera-oversvamningsrisker-hjalper-att-bygga-upp-beredskap-infor-klimatforandringar\/","title":{"rendered":"Planerna f\u00f6r att hantera \u00f6versv\u00e4mningsrisker hj\u00e4lper att bygga upp beredskap inf\u00f6r klimatf\u00f6r\u00e4ndringar"},"content":{"rendered":"<blockquote><p>Jord- och skogsbruksministeriet godk\u00e4nde den 16.12.2021 planerna f\u00f6r hantering av \u00f6versv\u00e4mningsrisker 2022-2027. Sammanlagt finns det 18 planer f\u00f6r avrinnings- och kustomr\u00e5den med \u00e5tminstone ett omr\u00e5de som l\u00f6per betydande risk f\u00f6r \u00f6versv\u00e4mning. M\u00e5let \u00e4r att f\u00f6rebygga och minska skador som f\u00f6ljer av \u00f6versv\u00e4mningar.<\/p><\/blockquote>\n<p>Med hj\u00e4lp av planerna ska man f\u00f6rebygga \u00f6versv\u00e4mningsrisker effektivare, ta fram \u00f6versv\u00e4mningsprognoser, varna f\u00f6r \u00f6versv\u00e4mningar\u00a0 och planera r\u00e4ddningsinsatser. Planerna inneh\u00e5ller cirka 450 \u00e5tg\u00e4rder som handlar om bland annat att kvarh\u00e5lla sv\u00e4mvatten, utveckla vattenregleringen och bygga bankar. Klimatf\u00f6r\u00e4ndringar har beaktats b\u00e4ttre i de uppdaterade hanteringsplanerna.<\/p>\n<p>&#8211; Lyckligtvis \u00e4r olycksh\u00e4ndelserna som orsakas av \u00f6versv\u00e4mningar inte lika stora hos oss som i m\u00e5nga andra l\u00e4nder. P\u00e5 grund av klimatf\u00f6r\u00e4ndringar \u00e4r det dock allt viktigare att v\u00e5rt samh\u00e4lle \u00e4r f\u00f6rberett p\u00e5 f\u00f6r\u00e4nderligt klimat och f\u00f6r\u00e4nderliga vattenf\u00f6rh\u00e5llanden, s\u00e4ger jord- och skogsbruksminister Jari Lepp\u00e4.<\/p>\n<p>Att ta h\u00e4nsyn till vattenv\u00e5rdens m\u00e5l \u00e4r ocks\u00e5 relevant. Planeringen av hanteringen av \u00f6versv\u00e4mningsrisker sker d\u00e4rf\u00f6r p\u00e5 samma s\u00e4tt med sex \u00e5rs mellanrum som vattenv\u00e5rdsplaneringen. F\u00f6rvaltningsplanerna f\u00f6r vattenv\u00e5rden och havsf\u00f6rvaltningsplanen godk\u00e4nde i statsr\u00e5det den 16.12.<\/p>\n<p>De f\u00f6rsta planerna f\u00f6r hanteringen av \u00f6versv\u00e4mningsrisker g\u00e4llde \u00e5ren 2016-2021. Antalet m\u00e5l f\u00f6r den f\u00f6rsta perioden var \u00f6ver 150 som i regel har uppn\u00e5tts v\u00e4l.\u00a0 \u00c5tg\u00e4rderna f\u00f6rebygger skador p\u00e5 m\u00e4nniskors h\u00e4lsa och s\u00e4kerhet och ser till att de n\u00f6dv\u00e4ndiga tj\u00e4nsterna forts\u00e4tter utan avbrott trots eventuella \u00f6versv\u00e4mningar. Till exempel vid bek\u00e4mpningen av \u00f6versv\u00e4mningen i Kemi \u00e4lv 2020 hade man nytta av att man hade identifierat \u00f6versv\u00e4mningsriskerna och \u00e5tg\u00e4rderna f\u00f6r att f\u00f6rebygga skador redan p\u00e5 f\u00f6rhand.<\/p>\n<p>Efter den f\u00f6rsta planeringsperioden gjordes det \u00e4ndringar och en del av omr\u00e5dena f\u00f6ll bort och nya kom i st\u00e4llet. Som nya \u00f6versv\u00e4mningsomr\u00e5den fastst\u00e4lldes Lappfj\u00e4rd och Pyh\u00e4jokis nedre lopp som sv\u00e4mmade \u00f6ver under den f\u00f6rsta planeringsperioden, samt Kemi stad p\u00e5 basis av en preciserad skadebed\u00f6mning.<\/p>\n<p>Beredningen av hanteringsplanerna har legat p\u00e5 de regionala NTM-centralernas och \u00f6versv\u00e4mningsgruppernas ansvar. Omr\u00e5den med betydande \u00f6versv\u00e4mningsrisk ses \u00f6ver n\u00e4sta g\u00e5ng 2024 och planerna uppdateras senast 2027. Styrningen av arbetet med att hantera \u00f6versv\u00e4mningsrisker h\u00f6r till jord- och skogsbruksministeriet.<\/p>\n<h4>L\u00e4s mer:<\/h4>\n<p><a href=\"https:\/\/mmm.fi\/sv\/meddelande-om-beslut-oversvamningsrisker\">Planerna f\u00f6r hantering av \u00f6versv\u00e4mningsrisker<\/a><br \/>\n<a href=\"https:\/\/www.vesi.fi\/sv\/vesitieto\/tulvakarttapalvelu\/\">\u00d6versv\u00e4mningskartor<\/a><br \/>\n<a href=\"http:\/\/vesi.fi\/sv\/trh\">Webbplatsen Vatten.fi<\/a><br \/>\n<a href=\"https:\/\/www.miljo.fi\/paverkavattnen\">miljo.fi\/paverkavattnen<\/a><\/p>\n<h4>Mer information:<\/h4>\n<p>Lauri Ahopelto, konsultativ tj\u00e4nsteman,<br \/>\nlauri.ahopelto(at)gov.fi, tfn 0295 162 094<br \/>\nAntti Parjanne, ledande sakkunnig i vattenfr\u00e5gor,<br \/>\nantti.parjanne(at)gov.fi, tfn 0295 162 071<br \/>\nAnnukka Kimmo, ministerns specialmedarbetare,<br \/>\nannukka.kimmo(at)gov.fi, tfn 050 478 0226<\/p>\n<p>Bild: \u00d6versv\u00e4mning p\u00e5 en v\u00e4g i Vanda \u00e5r 2020. \u00a9 Pekka V\u00e4is\u00e4nen, MMM<\/p>\n","protected":false},"excerpt":{"rendered":"<p>Jord- och skogsbruksministeriet godk\u00e4nde den 16.12.2021 planerna f\u00f6r hantering av \u00f6versv\u00e4mningsrisker 2022-2027. Sammanlagt finns det 18 planer f\u00f6r avrinnings- och kustomr\u00e5den med \u00e5tminstone ett omr\u00e5de som l\u00f6per betydande risk f\u00f6r \u00f6versv\u00e4mning. M\u00e5let \u00e4r att f\u00f6rebygga och minska skador som f\u00f6ljer av \u00f6versv\u00e4mningar. Med hj\u00e4lp av planerna ska man f\u00f6rebygga \u00f6versv\u00e4mningsrisker effektivare, ta fram \u00f6versv\u00e4mningsprognoser, varna [&hellip;]<\/p>\n","protected":false},"author":68,"featured_media":14658,"comment_status":"closed","ping_status":"closed","sticky":false,"template":"","format":"standard","meta":{"_acf_changed":false,"footnotes":""},"categories":[43],"tags":[],"class_list":["post-14657","post","type-post","status-publish","format-standard","has-post-thumbnail","hentry","category-nytt"],"acf":[],"aioseo_notices":[],"_links":{"self":[{"href":"https:\/\/www.vesi.fi\/sv\/wp-json\/wp\/v2\/posts\/14657","targetHints":{"allow":["GET"]}}],"collection":[{"href":"https:\/\/www.vesi.fi\/sv\/wp-json\/wp\/v2\/posts"}],"about":[{"href":"https:\/\/www.vesi.fi\/sv\/wp-json\/wp\/v2\/types\/post"}],"author":[{"embeddable":true,"href":"https:\/\/www.vesi.fi\/sv\/wp-json\/wp\/v2\/users\/68"}],"replies":[{"embeddable":true,"href":"https:\/\/www.vesi.fi\/sv\/wp-json\/wp\/v2\/comments?post=14657"}],"version-history":[{"count":5,"href":"https:\/\/www.vesi.fi\/sv\/wp-json\/wp\/v2\/posts\/14657\/revisions"}],"predecessor-version":[{"id":14665,"href":"https:\/\/www.vesi.fi\/sv\/wp-json\/wp\/v2\/posts\/14657\/revisions\/14665"}],"wp:featuredmedia":[{"embeddable":true,"href":"https:\/\/www.vesi.fi\/sv\/wp-json\/wp\/v2\/media\/14658"}],"wp:attachment":[{"href":"https:\/\/www.vesi.fi\/sv\/wp-json\/wp\/v2\/media?parent=14657"}],"wp:term":[{"taxonomy":"category","embeddable":true,"href":"https:\/\/www.vesi.fi\/sv\/wp-json\/wp\/v2\/categories?post=14657"},{"taxonomy":"post_tag","embeddable":true,"href":"https:\/\/www.vesi.fi\/sv\/wp-json\/wp\/v2\/tags?post=14657"}],"curies":[{"name":"wp","href":"https:\/\/api.w.org\/{rel}","templated":true}]}}