{"id":13178,"date":"2021-11-09T09:05:43","date_gmt":"2021-11-09T07:05:43","guid":{"rendered":"https:\/\/www.dadvertising.fi\/vesifi_uusidemo\/sv\/?p=13178"},"modified":"2021-11-26T09:20:13","modified_gmt":"2021-11-26T07:20:13","slug":"det-klassiska-insjolandskapet-belonades-som-bast-i-landskapsdagens-fototavling","status":"publish","type":"post","link":"https:\/\/www.vesi.fi\/sv\/det-klassiska-insjolandskapet-belonades-som-bast-i-landskapsdagens-fototavling\/","title":{"rendered":"Det klassiska insj\u00f6landskapet bel\u00f6nades som b\u00e4st i landskapsdagens fotot\u00e4vling"},"content":{"rendered":"<blockquote><p>Onsdagen den 20 oktober firades den internationella landskapsdagen, till vars \u00e4ra milj\u00f6ministeriet ordnade en fotot\u00e4vling med temat &#8221;Landskapsdagen 2021&#8221;. Som b\u00e4sta bild i t\u00e4vlingen bel\u00f6nades <strong>Marko Lappetel\u00e4inens<\/strong>\u00a0fotografi fr\u00e5n Kaartj\u00e4rvi i Loppis den 14.10.2021. Fotograferna hade ombetts fotografera sina egna landskap under tiden 14.10\u201320.10.2021.<\/p><\/blockquote>\n<p>&#8221;Det vinnande fotografiet \u00e4r ett klassiskt och skickligt urval d\u00e4r man st\u00e5r vid r\u00f6tterna f\u00f6r den finl\u00e4ndska landskapsuppfattningen och landskapsrelationen. Bilden beskriver det finl\u00e4ndska sinneslandskapet v\u00e4l, ett s\u00e5dant landskap \u00e4r viktigt och k\u00e4rt f\u00f6r finl\u00e4ndarna. \u00c4ven m\u00e4nniskans roll i landskapet syns tydligt p\u00e5 bilden&#8221;, ber\u00e4ttar domark\u00e5rens ordf\u00f6rande milj\u00f6r\u00e5d\u00a0<strong>Tapio Heikkil\u00e4<\/strong>\u00a0vid milj\u00f6ministeriet.<\/p>\n<figure id=\"attachment_13180\" aria-describedby=\"caption-attachment-13180\" style=\"width: 556px\" class=\"wp-caption aligncenter\"><img loading=\"lazy\" decoding=\"async\" width=\"556\" height=\"313\" class=\"wp-image-13180 size-full img-responsive img-fluid\" src=\"https:\/\/www.vesi.fi\/sv\/wp-content\/uploads\/2021\/11\/kuvakilpailun-voittaja-marko-lappetelainen-loppi-kaartjarviweb.jpg\" alt=\"\" \/><figcaption id=\"caption-attachment-13180\" class=\"wp-caption-text\">I den internationella landskapsdagens fotot\u00e4vling bel\u00f6nades Marko Lappetel\u00e4inens skickliga urval av det f\u00f6r finl\u00e4ndarna viktiga och k\u00e4ra landskapet. Bild: Marko Lappetel\u00e4inen.<\/figcaption><\/figure>\n<p>Vinnaren bel\u00f6nades med ett presentkort p\u00e5 500 \u20ac till Rajala Pro Shop. Hedersomn\u00e4mnanden f\u00f6r sina bilder fick:\u00a0<strong>Matti Sarmela<\/strong>\u00a0(Helsingfors, Hanaholmen 16.10.2021),\u00a0<strong>Tarja L\u00e4nsman<\/strong>\u00a0(Utsjoki, Mantoj\u00e4rvi 15.10.2021),\u00a0<strong>Milla Hanka\u00a0<\/strong>(Helsingfors, Riksparken 20.10.2021) och\u00a0<strong>Juhani Virkanen<\/strong>\u00a0(Helsingfors, Staffansbyv\u00e4gens bro 20.10.2021). Hedersomn\u00e4mnandena bel\u00f6nas med bokpriser.<\/p>\n<p>Av de prisbel\u00f6nta bilderna och t\u00e4vlingens \u00f6vriga bildsk\u00f6rd sammanst\u00e4lls en fotoutst\u00e4llning som visas i ytterf\u00f6nstren i milj\u00f6ministeriets entr\u00e9 9.11.2021\u20139.1.2022 (h\u00f6rnet av Alexandersgatan och Fabiansgatan, Alexandersgatan 7, Helsingfors).<\/p>\n<p>Internationella landskapsdagen firades ocks\u00e5 med handledda landskapspromenader som ordnades av Maa- ja kotitalousnaiset. F\u00f6r att fira landskapsdagen uppmuntrades man ocks\u00e5 att bekanta sig med Europar\u00e5dets nya handbok f\u00f6r landskapsfostran och tj\u00e4nsten\u00a0<a href=\"https:\/\/m.envirate.net\/\">m.envirate.net<\/a>, d\u00e4r man kan spara en sensorisk bed\u00f6mning av sin aktuella milj\u00f6 p\u00e5 kartan. Till landskapsdagen h\u00f6rde ocks\u00e5 kampanjen\u00a0<strong>#arkimaisema<\/strong>\u00a0som genomf\u00f6rdes p\u00e5 Instagram. De medborgare som deltog i kampanjen publicerade under en dryg m\u00e5nad cirka tusen bilder av sina egna vardagliga landskap.<\/p>\n<h2>Bakom landskapsdagen ligger Europar\u00e5dets landskapskonvention<\/h2>\n<p>Under den internationella landskapsdagen vill man f\u00e4sta uppm\u00e4rksamhet vid att landskapen \u00e4r en v\u00e4sentlig del av allas kulturarv, identitet, v\u00e4lbefinnande samt livsmilj\u00f6ns kvalitet och m\u00e5ngfald. Den internationella landskapsdagen som firas \u00e5rligen ansluter sig till Europar\u00e5dets landskapskonvention, som fr\u00e4mjar landskapsv\u00e5rd samt skydd och planering av landskap. Konventionen g\u00e4ller i 40 l\u00e4nder i Europar\u00e5det, i Finland sedan 2006.<\/p>\n<figure id=\"attachment_13179\" aria-describedby=\"caption-attachment-13179\" style=\"width: 556px\" class=\"wp-caption aligncenter\"><img loading=\"lazy\" decoding=\"async\" width=\"556\" height=\"250\" class=\"wp-image-13179 size-full img-responsive img-fluid\" src=\"https:\/\/www.vesi.fi\/sv\/wp-content\/uploads\/2021\/11\/maisemapaivan-kavely-kimolan-kanava-auli-hirvonen556.jpg\" alt=\"\" \/><figcaption id=\"caption-attachment-13179\" class=\"wp-caption-text\">Regnet fick inte hindra landskapsdagen fr\u00e5n att firas med en landskapspromenad l\u00e4ngs Kimola kanal som ordnades av Maa- ja kotitalousnaiset. Bild: Auli Hirvonen.<\/figcaption><\/figure>\n<p>Internationella landskapsdagen firades i \u00e5r f\u00f6r femte g\u00e5ngen. I beredningen av den internationella landskapsdagen och i juryn i fotot\u00e4vlingen deltog representanter f\u00f6r milj\u00f6ministeriet, Finlands milj\u00f6central, Museiverket, Maa ja kotitalousnaisten Keskus, Finlands Hembygdsf\u00f6rbund och Gr\u00f6nmilj\u00f6f\u00f6rbundet. Landskapsdagen var en del av programmet f\u00f6r Europas kulturmilj\u00f6dagar.<\/p>\n<h3>Mer information<\/h3>\n<p>Forskare\u00a0<strong>Annika Uddstr\u00f6m<\/strong>, Finlands milj\u00f6central, fornamn.efternamn@syke.fi, tfn 0295 251 715<\/p>\n<p>Milj\u00f6r\u00e5d\u00a0<strong>Tapio Heikkil\u00e4<\/strong>, milj\u00f6ministeriet,<br \/>\nfornamn.efternamn@ym.fi, tfn 0295 250 166<\/p>\n<ul>\n<li><a href=\"https:\/\/www.ymparisto.fi\/sv-FI\/Natur\/Landskap\/Internationella_landskapsdagen\">Internationella landskapsdagen<\/a><\/li>\n<\/ul>\n","protected":false},"excerpt":{"rendered":"<p>Onsdagen den 20 oktober firades den internationella landskapsdagen, till vars \u00e4ra milj\u00f6ministeriet ordnade en fotot\u00e4vling med temat &#8221;Landskapsdagen 2021&#8221;. Som b\u00e4sta bild i t\u00e4vlingen bel\u00f6nades Marko Lappetel\u00e4inens\u00a0fotografi fr\u00e5n Kaartj\u00e4rvi i Loppis den 14.10.2021. Fotograferna hade ombetts fotografera sina egna landskap under tiden 14.10\u201320.10.2021. &#8221;Det vinnande fotografiet \u00e4r ett klassiskt och skickligt urval d\u00e4r man st\u00e5r [&hellip;]<\/p>\n","protected":false},"author":68,"featured_media":2643,"comment_status":"closed","ping_status":"closed","sticky":false,"template":"","format":"standard","meta":{"_acf_changed":false,"footnotes":""},"categories":[43],"tags":[],"class_list":["post-13178","post","type-post","status-publish","format-standard","has-post-thumbnail","hentry","category-nytt"],"acf":[],"aioseo_notices":[],"_links":{"self":[{"href":"https:\/\/www.vesi.fi\/sv\/wp-json\/wp\/v2\/posts\/13178","targetHints":{"allow":["GET"]}}],"collection":[{"href":"https:\/\/www.vesi.fi\/sv\/wp-json\/wp\/v2\/posts"}],"about":[{"href":"https:\/\/www.vesi.fi\/sv\/wp-json\/wp\/v2\/types\/post"}],"author":[{"embeddable":true,"href":"https:\/\/www.vesi.fi\/sv\/wp-json\/wp\/v2\/users\/68"}],"replies":[{"embeddable":true,"href":"https:\/\/www.vesi.fi\/sv\/wp-json\/wp\/v2\/comments?post=13178"}],"version-history":[{"count":5,"href":"https:\/\/www.vesi.fi\/sv\/wp-json\/wp\/v2\/posts\/13178\/revisions"}],"predecessor-version":[{"id":13186,"href":"https:\/\/www.vesi.fi\/sv\/wp-json\/wp\/v2\/posts\/13178\/revisions\/13186"}],"wp:featuredmedia":[{"embeddable":true,"href":"https:\/\/www.vesi.fi\/sv\/wp-json\/wp\/v2\/media\/2643"}],"wp:attachment":[{"href":"https:\/\/www.vesi.fi\/sv\/wp-json\/wp\/v2\/media?parent=13178"}],"wp:term":[{"taxonomy":"category","embeddable":true,"href":"https:\/\/www.vesi.fi\/sv\/wp-json\/wp\/v2\/categories?post=13178"},{"taxonomy":"post_tag","embeddable":true,"href":"https:\/\/www.vesi.fi\/sv\/wp-json\/wp\/v2\/tags?post=13178"}],"curies":[{"name":"wp","href":"https:\/\/api.w.org\/{rel}","templated":true}]}}